{"id":290340,"date":"2010-08-22T06:06:03","date_gmt":"2010-08-22T04:06:03","guid":{"rendered":"https:\/\/www.focolare.org\/itla-crisi-di-coppia-non-e-sempre-irreversibileesla-crisis-de-pareja-no-es-siempre-irreversiblefrles-crises-du-couple-ne-sont-pas-toujours-irreversiblespta-crise-do-casal-nem-sempre-e-irre\/"},"modified":"2024-05-13T20:35:20","modified_gmt":"2024-05-13T18:35:20","slug":"itla-crisi-di-coppia-non-e-sempre-irreversibileesla-crisis-de-pareja-no-es-siempre-irreversiblefrles-crises-du-couple-ne-sont-pas-toujours-irreversiblespta-crise-do-casal-nem-sempre-e-irre","status":"publish","type":"post","link":"https:\/\/www.focolare.org\/en\/itla-crisi-di-coppia-non-e-sempre-irreversibileesla-crisis-de-pareja-no-es-siempre-irreversiblefrles-crises-du-couple-ne-sont-pas-toujours-irreversiblespta-crise-do-casal-nem-sempre-e-irre\/","title":{"rendered":"[:it]La crisi di coppia non \u00e8 sempre irreversibile[:es]La crisis de pareja no es siempre irreversible[:fr]Les crises du couple ne sont pas toujours irr\u00e9versibles[:pt]A crise do casal nem sempre \u00e9 irrevers\u00edvel"},"content":{"rendered":"<\/p><\/p>\n","protected":false},"excerpt":{"rendered":"<p>Nell\u2019ambito del progetto \u201cPer un rafforzamento della vita di coppia\u201d, si \u00e8 svolta la seconda edizione dell\u2019interessante stage promosso da Famiglie Nuove dei Focolari<\/p>\n","protected":false},"author":34,"featured_media":0,"comment_status":"open","ping_status":"open","sticky":false,"template":"","format":"standard","meta":{"give_campaign_id":0,"_seopress_robots_primary_cat":"","_seopress_titles_title":"","_seopress_titles_desc":"","_seopress_robots_index":"","_et_pb_use_builder":"","_et_pb_old_content":"","_et_gb_content_width":"","footnotes":""},"categories":[1],"tags":[],"class_list":["post-290340","post","type-post","status-publish","format-standard","hentry","category-non-categorizzato"],"_links":{"self":[{"href":"https:\/\/www.focolare.org\/en\/wp-json\/wp\/v2\/posts\/290340","targetHints":{"allow":["GET"]}}],"collection":[{"href":"https:\/\/www.focolare.org\/en\/wp-json\/wp\/v2\/posts"}],"about":[{"href":"https:\/\/www.focolare.org\/en\/wp-json\/wp\/v2\/types\/post"}],"author":[{"embeddable":true,"href":"https:\/\/www.focolare.org\/en\/wp-json\/wp\/v2\/users\/34"}],"replies":[{"embeddable":true,"href":"https:\/\/www.focolare.org\/en\/wp-json\/wp\/v2\/comments?post=290340"}],"version-history":[{"count":0,"href":"https:\/\/www.focolare.org\/en\/wp-json\/wp\/v2\/posts\/290340\/revisions"}],"wp:attachment":[{"href":"https:\/\/www.focolare.org\/en\/wp-json\/wp\/v2\/media?parent=290340"}],"wp:term":[{"taxonomy":"category","embeddable":true,"href":"https:\/\/www.focolare.org\/en\/wp-json\/wp\/v2\/categories?post=290340"},{"taxonomy":"post_tag","embeddable":true,"href":"https:\/\/www.focolare.org\/en\/wp-json\/wp\/v2\/tags?post=290340"}],"curies":[{"name":"wp","href":"https:\/\/api.w.org\/{rel}","templated":true}]}}