{"id":290418,"date":"2010-10-26T22:00:00","date_gmt":"2010-10-26T20:00:00","guid":{"rendered":"https:\/\/www.focolare.org\/esla-nueva-comunicacion-nace-a-partir-de-lo-que-hemos-vividofrla-nouvelle-communication-setablit-a-partir-de-notre-vecuitla-nuova-comunicazione-nasce-dal-nostro-vis\/"},"modified":"2024-05-13T20:35:27","modified_gmt":"2024-05-13T18:35:27","slug":"esla-nueva-comunicacion-nace-a-partir-de-lo-que-hemos-vividofrla-nouvelle-communication-setablit-a-partir-de-notre-vecuitla-nuova-comunicazione-nasce-dal-nostro-vis","status":"publish","type":"post","link":"https:\/\/www.focolare.org\/en\/esla-nueva-comunicacion-nace-a-partir-de-lo-que-hemos-vividofrla-nouvelle-communication-setablit-a-partir-de-notre-vecuitla-nuova-comunicazione-nasce-dal-nostro-vis\/","title":{"rendered":"[:es]La nueva comunicaci\u00f3n nace a partir de lo que hemos vivido[:fr]\u00abLa nouvelle communication s\u2019\u00e9tablit \u00e0 partir de notre v\u00e9cu\u00bb[:it]\u00abLa nuova comunicazione nasce dal nostro vissuto\u00bb[:pt]\u00abA nova comunica\u00e7\u00e3o nasce do nosso viver\u00bb[:zh]\u300c\u65b0\u7684\u6e9d\u901a\u65b9\u5f0f\u662f\u5f9e\u6211\u5011\u843d\u5be6\u7684\u751f\u6d3b\u4e2d\u884d\u751f\u51fa\u4f86\uff01\u300d"},"content":{"rendered":"<\/p>\n","protected":false},"excerpt":{"rendered":"<p>Cos\u00ec si intitolava l\u2019ultimo intervento pubblico di Alma Pizzi a NetOne. Una frase che sintetizza gli ideali professionali e umani di questa giornalista che ci ha lasciato il 25 ottobre 2010. Molti lettori di focolare.org l\u2019hanno conosciuta. La ricordiamo con affetto<\/p>\n","protected":false},"author":34,"featured_media":0,"comment_status":"open","ping_status":"open","sticky":false,"template":"","format":"standard","meta":{"give_campaign_id":0,"_seopress_robots_primary_cat":"","_seopress_titles_title":"","_seopress_titles_desc":"","_seopress_robots_index":"","_et_pb_use_builder":"","_et_pb_old_content":"","_et_gb_content_width":"","footnotes":""},"categories":[1],"tags":[],"class_list":["post-290418","post","type-post","status-publish","format-standard","hentry","category-non-categorizzato"],"_links":{"self":[{"href":"https:\/\/www.focolare.org\/en\/wp-json\/wp\/v2\/posts\/290418","targetHints":{"allow":["GET"]}}],"collection":[{"href":"https:\/\/www.focolare.org\/en\/wp-json\/wp\/v2\/posts"}],"about":[{"href":"https:\/\/www.focolare.org\/en\/wp-json\/wp\/v2\/types\/post"}],"author":[{"embeddable":true,"href":"https:\/\/www.focolare.org\/en\/wp-json\/wp\/v2\/users\/34"}],"replies":[{"embeddable":true,"href":"https:\/\/www.focolare.org\/en\/wp-json\/wp\/v2\/comments?post=290418"}],"version-history":[{"count":0,"href":"https:\/\/www.focolare.org\/en\/wp-json\/wp\/v2\/posts\/290418\/revisions"}],"wp:attachment":[{"href":"https:\/\/www.focolare.org\/en\/wp-json\/wp\/v2\/media?parent=290418"}],"wp:term":[{"taxonomy":"category","embeddable":true,"href":"https:\/\/www.focolare.org\/en\/wp-json\/wp\/v2\/categories?post=290418"},{"taxonomy":"post_tag","embeddable":true,"href":"https:\/\/www.focolare.org\/en\/wp-json\/wp\/v2\/tags?post=290418"}],"curies":[{"name":"wp","href":"https:\/\/api.w.org\/{rel}","templated":true}]}}