{"id":290536,"date":"2010-07-12T22:00:00","date_gmt":"2010-07-12T20:00:00","guid":{"rendered":"https:\/\/www.focolare.org\/itla-citta-e-il-dialogo-per-un-futuro-di-speranzaesla-ciudad-y-el-dialogo-por-un-futuro-de-esperanzafrla-ville-et-le-dialogue-pour-un-avenir-desperancepta-cidade-e-o-dialogo-por-u\/"},"modified":"2024-05-13T20:36:02","modified_gmt":"2024-05-13T18:36:02","slug":"itla-citta-e-il-dialogo-per-un-futuro-di-speranzaesla-ciudad-y-el-dialogo-por-un-futuro-de-esperanzafrla-ville-et-le-dialogue-pour-un-avenir-desperancepta-cidade-e-o-dialogo-por-u","status":"publish","type":"post","link":"https:\/\/www.focolare.org\/en\/itla-citta-e-il-dialogo-per-un-futuro-di-speranzaesla-ciudad-y-el-dialogo-por-un-futuro-de-esperanzafrla-ville-et-le-dialogue-pour-un-avenir-desperancepta-cidade-e-o-dialogo-por-u\/","title":{"rendered":"[:it]La citt\u00e0 e il dialogo per un futuro di speranza[:es]La ciudad y el di\u00e1logo por un futuro de esperanza[:fr]La ville et le dialogue pour un avenir d\u2019esp\u00e9rance[:pt]A cidade e o di\u00e1logo por um futuro de esperan\u00e7a"},"content":{"rendered":"<\/p>\n","protected":false},"excerpt":{"rendered":"<p>Il Movimento Umanit\u00e0 Nuova pubblica un suo contributo alla riflessione sui tempi che viviamo, tra crisi e speranza. L\u2019occasione \u00e8 data dalla 46\u00b0 settimana sociale dei cattolici italiani. Vi proponiamo ampi stralci del documento<\/p>\n","protected":false},"author":34,"featured_media":0,"comment_status":"open","ping_status":"open","sticky":false,"template":"","format":"standard","meta":{"give_campaign_id":0,"_seopress_robots_primary_cat":"","_seopress_titles_title":"","_seopress_titles_desc":"","_seopress_robots_index":"","_et_pb_use_builder":"","_et_pb_old_content":"","_et_gb_content_width":"","footnotes":""},"categories":[1],"tags":[],"class_list":["post-290536","post","type-post","status-publish","format-standard","hentry","category-non-categorizzato"],"_links":{"self":[{"href":"https:\/\/www.focolare.org\/en\/wp-json\/wp\/v2\/posts\/290536","targetHints":{"allow":["GET"]}}],"collection":[{"href":"https:\/\/www.focolare.org\/en\/wp-json\/wp\/v2\/posts"}],"about":[{"href":"https:\/\/www.focolare.org\/en\/wp-json\/wp\/v2\/types\/post"}],"author":[{"embeddable":true,"href":"https:\/\/www.focolare.org\/en\/wp-json\/wp\/v2\/users\/34"}],"replies":[{"embeddable":true,"href":"https:\/\/www.focolare.org\/en\/wp-json\/wp\/v2\/comments?post=290536"}],"version-history":[{"count":0,"href":"https:\/\/www.focolare.org\/en\/wp-json\/wp\/v2\/posts\/290536\/revisions"}],"wp:attachment":[{"href":"https:\/\/www.focolare.org\/en\/wp-json\/wp\/v2\/media?parent=290536"}],"wp:term":[{"taxonomy":"category","embeddable":true,"href":"https:\/\/www.focolare.org\/en\/wp-json\/wp\/v2\/categories?post=290536"},{"taxonomy":"post_tag","embeddable":true,"href":"https:\/\/www.focolare.org\/en\/wp-json\/wp\/v2\/tags?post=290536"}],"curies":[{"name":"wp","href":"https:\/\/api.w.org\/{rel}","templated":true}]}}