{"id":291112,"date":"2005-08-17T22:00:00","date_gmt":"2005-08-17T20:00:00","guid":{"rendered":"https:\/\/www.focolare.org\/itfrere-roger-schutz-una-vita-coronata-dalla-palma-del-martiriofrfrere-roger-schutz-une-vie-couronnee-par-la-palme-du-martyre\/"},"modified":"2024-05-13T20:37:58","modified_gmt":"2024-05-13T18:37:58","slug":"itfrere-roger-schutz-una-vita-coronata-dalla-palma-del-martiriofrfrere-roger-schutz-une-vie-couronnee-par-la-palme-du-martyre","status":"publish","type":"post","link":"https:\/\/www.focolare.org\/en\/itfrere-roger-schutz-una-vita-coronata-dalla-palma-del-martiriofrfrere-roger-schutz-une-vie-couronnee-par-la-palme-du-martyre\/","title":{"rendered":"[:it]Fr\u00e8re Roger Schutz: una vita coronata dalla palma del martirio[:fr]Fr\u00e8re Roger Schutz : une vie couronn\u00e9e par la palme du martyre"},"content":{"rendered":"<\/p>\n","protected":false},"excerpt":{"rendered":"<p>Lettera di Chiara Lubich alla Comunit\u00e0 di Taiz\u00e9<\/p>\n","protected":false},"author":34,"featured_media":0,"comment_status":"open","ping_status":"open","sticky":false,"template":"","format":"standard","meta":{"give_campaign_id":0,"_seopress_robots_primary_cat":"","_seopress_titles_title":"","_seopress_titles_desc":"","_seopress_robots_index":"","_et_pb_use_builder":"","_et_pb_old_content":"","_et_gb_content_width":"","footnotes":""},"categories":[1],"tags":[],"class_list":["post-291112","post","type-post","status-publish","format-standard","hentry","category-non-categorizzato"],"_links":{"self":[{"href":"https:\/\/www.focolare.org\/en\/wp-json\/wp\/v2\/posts\/291112","targetHints":{"allow":["GET"]}}],"collection":[{"href":"https:\/\/www.focolare.org\/en\/wp-json\/wp\/v2\/posts"}],"about":[{"href":"https:\/\/www.focolare.org\/en\/wp-json\/wp\/v2\/types\/post"}],"author":[{"embeddable":true,"href":"https:\/\/www.focolare.org\/en\/wp-json\/wp\/v2\/users\/34"}],"replies":[{"embeddable":true,"href":"https:\/\/www.focolare.org\/en\/wp-json\/wp\/v2\/comments?post=291112"}],"version-history":[{"count":0,"href":"https:\/\/www.focolare.org\/en\/wp-json\/wp\/v2\/posts\/291112\/revisions"}],"wp:attachment":[{"href":"https:\/\/www.focolare.org\/en\/wp-json\/wp\/v2\/media?parent=291112"}],"wp:term":[{"taxonomy":"category","embeddable":true,"href":"https:\/\/www.focolare.org\/en\/wp-json\/wp\/v2\/categories?post=291112"},{"taxonomy":"post_tag","embeddable":true,"href":"https:\/\/www.focolare.org\/en\/wp-json\/wp\/v2\/tags?post=291112"}],"curies":[{"name":"wp","href":"https:\/\/api.w.org\/{rel}","templated":true}]}}