{"id":291298,"date":"2006-05-12T22:00:00","date_gmt":"2006-05-12T20:00:00","guid":{"rendered":"https:\/\/www.focolare.org\/itcittadinanza-una-proposta-di-fraternita-per-la-cittaesciudadaniafrune-proposition-de-fraternite-pour-la-villeptcidadania\/"},"modified":"2024-05-13T20:38:41","modified_gmt":"2024-05-13T18:38:41","slug":"itcittadinanza-una-proposta-di-fraternita-per-la-cittaesciudadaniafrune-proposition-de-fraternite-pour-la-villeptcidadania","status":"publish","type":"post","link":"https:\/\/www.focolare.org\/en\/itcittadinanza-una-proposta-di-fraternita-per-la-cittaesciudadaniafrune-proposition-de-fraternite-pour-la-villeptcidadania\/","title":{"rendered":"[:it]Cittadinanza: una proposta di fraternit\u00e0 per la citt\u00e0[:es]Ciudadan\u00eda[:fr]Une proposition de fraternit\u00e9 pour la ville[:pt]Cidadania"},"content":{"rendered":"<\/p>\n","protected":false},"excerpt":{"rendered":"<p>Il messaggio di Chiara Lubich alla citt\u00e0 di La Spezia nel giorno della sua accoglienza come cittadina onoraria per il suo impegno a favore del dialogo, della solidariet\u00e0 e fratellanza<\/p>\n","protected":false},"author":34,"featured_media":0,"comment_status":"open","ping_status":"open","sticky":false,"template":"","format":"standard","meta":{"give_campaign_id":0,"_seopress_robots_primary_cat":"","_seopress_titles_title":"","_seopress_titles_desc":"","_seopress_robots_index":"","_et_pb_use_builder":"","_et_pb_old_content":"","_et_gb_content_width":"","footnotes":""},"categories":[1],"tags":[],"class_list":["post-291298","post","type-post","status-publish","format-standard","hentry","category-non-categorizzato"],"_links":{"self":[{"href":"https:\/\/www.focolare.org\/en\/wp-json\/wp\/v2\/posts\/291298","targetHints":{"allow":["GET"]}}],"collection":[{"href":"https:\/\/www.focolare.org\/en\/wp-json\/wp\/v2\/posts"}],"about":[{"href":"https:\/\/www.focolare.org\/en\/wp-json\/wp\/v2\/types\/post"}],"author":[{"embeddable":true,"href":"https:\/\/www.focolare.org\/en\/wp-json\/wp\/v2\/users\/34"}],"replies":[{"embeddable":true,"href":"https:\/\/www.focolare.org\/en\/wp-json\/wp\/v2\/comments?post=291298"}],"version-history":[{"count":0,"href":"https:\/\/www.focolare.org\/en\/wp-json\/wp\/v2\/posts\/291298\/revisions"}],"wp:attachment":[{"href":"https:\/\/www.focolare.org\/en\/wp-json\/wp\/v2\/media?parent=291298"}],"wp:term":[{"taxonomy":"category","embeddable":true,"href":"https:\/\/www.focolare.org\/en\/wp-json\/wp\/v2\/categories?post=291298"},{"taxonomy":"post_tag","embeddable":true,"href":"https:\/\/www.focolare.org\/en\/wp-json\/wp\/v2\/tags?post=291298"}],"curies":[{"name":"wp","href":"https:\/\/api.w.org\/{rel}","templated":true}]}}