{"id":292018,"date":"2011-02-02T15:43:57","date_gmt":"2011-02-02T14:43:57","guid":{"rendered":"https:\/\/www.focolare.org\/itcomunione-e-diritto-a-santo-domingo-degemeinschaft-und-recht-in-santo-domingoescomunion-y-derecho-en-santo-domingo-frcommunion-et-droit-a-saint-domingue-ptcomunhao-e\/"},"modified":"2024-05-13T20:41:16","modified_gmt":"2024-05-13T18:41:16","slug":"itcomunione-e-diritto-a-santo-domingo-degemeinschaft-und-recht-in-santo-domingoescomunion-y-derecho-en-santo-domingo-frcommunion-et-droit-a-saint-domingue-ptcomunhao-e","status":"publish","type":"post","link":"https:\/\/www.focolare.org\/en\/itcomunione-e-diritto-a-santo-domingo-degemeinschaft-und-recht-in-santo-domingoescomunion-y-derecho-en-santo-domingo-frcommunion-et-droit-a-saint-domingue-ptcomunhao-e\/","title":{"rendered":"[:it]Comunione e Diritto a Santo Domingo [:de]\u201eGemeinschaft und Recht\u201c in Santo Domingo[:es]Comuni\u00f3n y Derecho en Santo Domingo [:fr]Communion et droit \u00e0 Saint-Domingue [:pt]Comunh\u00e3o e Direito em Santo Domingo[:zh]\u5728\u8056\u591a\u660e\u54e5\u5171\u548c\u570b\u8209\u884c\u300e\u5171\u878d\u8207\u6cd5\u5f8b\u300f\u7684\u805a\u6703"},"content":{"rendered":"<\/p>\n","protected":false},"excerpt":{"rendered":"<p>Magistrati, avvocati, studenti a confronto. L\u2019impegno etico di compromettersi nel lavoro per la giustizia<\/p>\n","protected":false},"author":34,"featured_media":0,"comment_status":"open","ping_status":"open","sticky":false,"template":"","format":"standard","meta":{"give_campaign_id":0,"_seopress_robots_primary_cat":"","_seopress_titles_title":"","_seopress_titles_desc":"","_seopress_robots_index":"","_et_pb_use_builder":"","_et_pb_old_content":"","_et_gb_content_width":"","footnotes":""},"categories":[1],"tags":[],"class_list":["post-292018","post","type-post","status-publish","format-standard","hentry","category-non-categorizzato"],"_links":{"self":[{"href":"https:\/\/www.focolare.org\/en\/wp-json\/wp\/v2\/posts\/292018","targetHints":{"allow":["GET"]}}],"collection":[{"href":"https:\/\/www.focolare.org\/en\/wp-json\/wp\/v2\/posts"}],"about":[{"href":"https:\/\/www.focolare.org\/en\/wp-json\/wp\/v2\/types\/post"}],"author":[{"embeddable":true,"href":"https:\/\/www.focolare.org\/en\/wp-json\/wp\/v2\/users\/34"}],"replies":[{"embeddable":true,"href":"https:\/\/www.focolare.org\/en\/wp-json\/wp\/v2\/comments?post=292018"}],"version-history":[{"count":0,"href":"https:\/\/www.focolare.org\/en\/wp-json\/wp\/v2\/posts\/292018\/revisions"}],"wp:attachment":[{"href":"https:\/\/www.focolare.org\/en\/wp-json\/wp\/v2\/media?parent=292018"}],"wp:term":[{"taxonomy":"category","embeddable":true,"href":"https:\/\/www.focolare.org\/en\/wp-json\/wp\/v2\/categories?post=292018"},{"taxonomy":"post_tag","embeddable":true,"href":"https:\/\/www.focolare.org\/en\/wp-json\/wp\/v2\/tags?post=292018"}],"curies":[{"name":"wp","href":"https:\/\/api.w.org\/{rel}","templated":true}]}}