{"id":292052,"date":"2011-02-17T14:30:12","date_gmt":"2011-02-17T13:30:12","guid":{"rendered":"https:\/\/www.focolare.org\/itsvizzera-musulmani-e-cristiani-in-dialogodeschweiz-muslime-und-christen-im-gesprachessuiza-musulmanes-y-cristianos-en-dialogofrsuisse-musulmans-et-chretiens-en-dialogueptsuica-m\/"},"modified":"2024-05-13T20:41:20","modified_gmt":"2024-05-13T18:41:20","slug":"itsvizzera-musulmani-e-cristiani-in-dialogodeschweiz-muslime-und-christen-im-gesprachessuiza-musulmanes-y-cristianos-en-dialogofrsuisse-musulmans-et-chretiens-en-dialogueptsuica-m","status":"publish","type":"post","link":"https:\/\/www.focolare.org\/en\/itsvizzera-musulmani-e-cristiani-in-dialogodeschweiz-muslime-und-christen-im-gesprachessuiza-musulmanes-y-cristianos-en-dialogofrsuisse-musulmans-et-chretiens-en-dialogueptsuica-m\/","title":{"rendered":"[:it]Svizzera: musulmani e cristiani in dialogo[:de]Schweiz: Muslime und Christen im Gespr\u00e4ch[:es]Suiza: musulmanes y cristianos en di\u00e1logo[:fr]Suisse : musulmans et chr\u00e9tiens en dialogue[:pt]Su\u00ed\u00e7a: mu\u00e7ulmanos e crist\u00e3os em di\u00e1logo[:zh]\u745e\u58eb\uff1a\u56de\u6559\u5f92\u8207\u57fa\u7763\u5f92\u7684\u5c0d\u8ac7"},"content":{"rendered":"<\/p>\n","protected":false},"excerpt":{"rendered":"<p>La molteplicit\u00e0 come dono di Dio. Giornata interreligiosa al Centro di incontro e di formazione Eckstein a Baar.<\/p>\n","protected":false},"author":34,"featured_media":0,"comment_status":"open","ping_status":"open","sticky":false,"template":"","format":"standard","meta":{"give_campaign_id":0,"_seopress_robots_primary_cat":"","_seopress_titles_title":"","_seopress_titles_desc":"","_seopress_robots_index":"","_et_pb_use_builder":"","_et_pb_old_content":"","_et_gb_content_width":"","footnotes":""},"categories":[1],"tags":[],"class_list":["post-292052","post","type-post","status-publish","format-standard","hentry","category-non-categorizzato"],"_links":{"self":[{"href":"https:\/\/www.focolare.org\/en\/wp-json\/wp\/v2\/posts\/292052","targetHints":{"allow":["GET"]}}],"collection":[{"href":"https:\/\/www.focolare.org\/en\/wp-json\/wp\/v2\/posts"}],"about":[{"href":"https:\/\/www.focolare.org\/en\/wp-json\/wp\/v2\/types\/post"}],"author":[{"embeddable":true,"href":"https:\/\/www.focolare.org\/en\/wp-json\/wp\/v2\/users\/34"}],"replies":[{"embeddable":true,"href":"https:\/\/www.focolare.org\/en\/wp-json\/wp\/v2\/comments?post=292052"}],"version-history":[{"count":0,"href":"https:\/\/www.focolare.org\/en\/wp-json\/wp\/v2\/posts\/292052\/revisions"}],"wp:attachment":[{"href":"https:\/\/www.focolare.org\/en\/wp-json\/wp\/v2\/media?parent=292052"}],"wp:term":[{"taxonomy":"category","embeddable":true,"href":"https:\/\/www.focolare.org\/en\/wp-json\/wp\/v2\/categories?post=292052"},{"taxonomy":"post_tag","embeddable":true,"href":"https:\/\/www.focolare.org\/en\/wp-json\/wp\/v2\/tags?post=292052"}],"curies":[{"name":"wp","href":"https:\/\/api.w.org\/{rel}","templated":true}]}}