{"id":292074,"date":"2011-02-19T14:13:39","date_gmt":"2011-02-19T13:13:39","guid":{"rendered":"https:\/\/www.focolare.org\/itpalestina-una-terra-dove-vale-la-pena-viveredepalastina-wie-es-der-dichter-beschreibtespalestina-una-tierra-donde-vale-la-pena-vivirfrla-palestine-une-terre-ou-ca-vaut-la-peine-de-vi\/"},"modified":"2024-05-13T20:41:22","modified_gmt":"2024-05-13T18:41:22","slug":"itpalestina-una-terra-dove-vale-la-pena-viveredepalastina-wie-es-der-dichter-beschreibtespalestina-una-tierra-donde-vale-la-pena-vivirfrla-palestine-une-terre-ou-ca-vaut-la-peine-de-vi","status":"publish","type":"post","link":"https:\/\/www.focolare.org\/en\/itpalestina-una-terra-dove-vale-la-pena-viveredepalastina-wie-es-der-dichter-beschreibtespalestina-una-tierra-donde-vale-la-pena-vivirfrla-palestine-une-terre-ou-ca-vaut-la-peine-de-vi\/","title":{"rendered":"[:it]Palestina: una terra dove vale la pena vivere[:de]Pal\u00e4stina, wie es der Dichter beschreibt[:es]Palestina, una tierra donde vale la pena vivir[:fr]La Palestine, une terre o\u00f9 \u00e7a vaut la peine de vivre.[:pt]Palestina, uma terra onde vale a pena viver[:zh]\u300c\u4e00\u500b\u503c\u5f97\u751f\u6d3b\u7684\u5730\u65b9\uff01"},"content":{"rendered":"<\/p>\n","protected":false},"excerpt":{"rendered":"<p>A Betlemme, l\u2019incontro della comunit\u00e0 dei Focolari della Terra Santa con Maria Voce e Giancarlo Faletti conclude la prima tappa del loro viaggio nella terra di Ges\u00f9.<\/p>\n","protected":false},"author":33,"featured_media":0,"comment_status":"open","ping_status":"open","sticky":false,"template":"","format":"standard","meta":{"give_campaign_id":0,"_seopress_robots_primary_cat":"","_seopress_titles_title":"","_seopress_titles_desc":"","_seopress_robots_index":"","_et_pb_use_builder":"","_et_pb_old_content":"","_et_gb_content_width":"","footnotes":""},"categories":[1],"tags":[],"class_list":["post-292074","post","type-post","status-publish","format-standard","hentry","category-non-categorizzato"],"_links":{"self":[{"href":"https:\/\/www.focolare.org\/en\/wp-json\/wp\/v2\/posts\/292074","targetHints":{"allow":["GET"]}}],"collection":[{"href":"https:\/\/www.focolare.org\/en\/wp-json\/wp\/v2\/posts"}],"about":[{"href":"https:\/\/www.focolare.org\/en\/wp-json\/wp\/v2\/types\/post"}],"author":[{"embeddable":true,"href":"https:\/\/www.focolare.org\/en\/wp-json\/wp\/v2\/users\/33"}],"replies":[{"embeddable":true,"href":"https:\/\/www.focolare.org\/en\/wp-json\/wp\/v2\/comments?post=292074"}],"version-history":[{"count":0,"href":"https:\/\/www.focolare.org\/en\/wp-json\/wp\/v2\/posts\/292074\/revisions"}],"wp:attachment":[{"href":"https:\/\/www.focolare.org\/en\/wp-json\/wp\/v2\/media?parent=292074"}],"wp:term":[{"taxonomy":"category","embeddable":true,"href":"https:\/\/www.focolare.org\/en\/wp-json\/wp\/v2\/categories?post=292074"},{"taxonomy":"post_tag","embeddable":true,"href":"https:\/\/www.focolare.org\/en\/wp-json\/wp\/v2\/tags?post=292074"}],"curies":[{"name":"wp","href":"https:\/\/api.w.org\/{rel}","templated":true}]}}