{"id":292092,"date":"2011-02-21T16:45:24","date_gmt":"2011-02-21T15:45:24","guid":{"rendered":"https:\/\/www.focolare.org\/it1956-video-inedito-del-viaggio-in-terra-santa-de1956-unveroffentlichte-filmaufnahmen-von-der-reise-ins-heilige-landes1956-video-inedito-del-viaje-a-tierra-santapt1956-video-inedito-d\/"},"modified":"2024-05-13T20:41:24","modified_gmt":"2024-05-13T18:41:24","slug":"it1956-video-inedito-del-viaggio-in-terra-santa-de1956-unveroffentlichte-filmaufnahmen-von-der-reise-ins-heilige-landes1956-video-inedito-del-viaje-a-tierra-santapt1956-video-inedito-d","status":"publish","type":"post","link":"https:\/\/www.focolare.org\/en\/it1956-video-inedito-del-viaggio-in-terra-santa-de1956-unveroffentlichte-filmaufnahmen-von-der-reise-ins-heilige-landes1956-video-inedito-del-viaje-a-tierra-santapt1956-video-inedito-d\/","title":{"rendered":"[:it]1956: Video inedito del viaggio in Terra Santa [:de]1956: unver\u00f6ffentlichte Filmaufnahmen von der Reise ins Heilige Land[:es]1956: V\u00eddeo in\u00e9dito del viaje a Tierra Santa[:pt]1956: v\u00eddeo in\u00e9dito da viagem \u00e0 Terra Santa[:zh]1956\u5e74\u8056\u5730\u4e4b\u884c\uff1a\u672a\u66fe\u767c\u8868\u904e\u7684\u8996\u983b"},"content":{"rendered":"<\/p>\n","protected":false},"excerpt":{"rendered":"<p>\u00a9 Centro Chiara Lubich. Immagini storiche accompagnate da brani del diario di Chiara di quell\u2019anno, sulle orme di Ges\u00f9. Realizzato da Eli Folonari; voci di Graziella De Luca, Enzo Fondi.<\/p>\n","protected":false},"author":34,"featured_media":0,"comment_status":"open","ping_status":"open","sticky":false,"template":"","format":"standard","meta":{"give_campaign_id":0,"_seopress_robots_primary_cat":"","_seopress_titles_title":"","_seopress_titles_desc":"","_seopress_robots_index":"","_et_pb_use_builder":"","_et_pb_old_content":"","_et_gb_content_width":"","footnotes":""},"categories":[893],"tags":[],"class_list":["post-292092","post","type-post","status-publish","format-standard","hentry","category-focolare-worldwide-2"],"_links":{"self":[{"href":"https:\/\/www.focolare.org\/en\/wp-json\/wp\/v2\/posts\/292092","targetHints":{"allow":["GET"]}}],"collection":[{"href":"https:\/\/www.focolare.org\/en\/wp-json\/wp\/v2\/posts"}],"about":[{"href":"https:\/\/www.focolare.org\/en\/wp-json\/wp\/v2\/types\/post"}],"author":[{"embeddable":true,"href":"https:\/\/www.focolare.org\/en\/wp-json\/wp\/v2\/users\/34"}],"replies":[{"embeddable":true,"href":"https:\/\/www.focolare.org\/en\/wp-json\/wp\/v2\/comments?post=292092"}],"version-history":[{"count":0,"href":"https:\/\/www.focolare.org\/en\/wp-json\/wp\/v2\/posts\/292092\/revisions"}],"wp:attachment":[{"href":"https:\/\/www.focolare.org\/en\/wp-json\/wp\/v2\/media?parent=292092"}],"wp:term":[{"taxonomy":"category","embeddable":true,"href":"https:\/\/www.focolare.org\/en\/wp-json\/wp\/v2\/categories?post=292092"},{"taxonomy":"post_tag","embeddable":true,"href":"https:\/\/www.focolare.org\/en\/wp-json\/wp\/v2\/tags?post=292092"}],"curies":[{"name":"wp","href":"https:\/\/api.w.org\/{rel}","templated":true}]}}