{"id":292246,"date":"2011-03-25T08:00:39","date_gmt":"2011-03-25T07:00:39","guid":{"rendered":"https:\/\/www.focolare.org\/itegitto-la-speranza-di-piazza-tahrirdeagypten-die-hoffnung-vom-platz-tahriresegipto-la-esperanza-de-la-plaza-tahirfregypte-lesperance-de-la-place-tahrirptegito-a-esperanc\/"},"modified":"2024-05-13T20:42:02","modified_gmt":"2024-05-13T18:42:02","slug":"itegitto-la-speranza-di-piazza-tahrirdeagypten-die-hoffnung-vom-platz-tahriresegipto-la-esperanza-de-la-plaza-tahirfregypte-lesperance-de-la-place-tahrirptegito-a-esperanc","status":"publish","type":"post","link":"https:\/\/www.focolare.org\/en\/itegitto-la-speranza-di-piazza-tahrirdeagypten-die-hoffnung-vom-platz-tahriresegipto-la-esperanza-de-la-plaza-tahirfregypte-lesperance-de-la-place-tahrirptegito-a-esperanc\/","title":{"rendered":"[:it]Egitto, la speranza di Piazza Tahrir[:de]\u00c4gypten: die Hoffnung vom Platz Tahrir[:es]Egipto, la esperanza de la Plaza Tahir[:fr]Egypte, l\u2019esp\u00e9rance de la Place Tahrir[:pt]Egito, a esperan\u00e7a da Pra\u00e7a Tahir[:zh]\u57c3\u53ca\uff1a\u89e3\u653e\u5ee3\u5834\u7684\u5e0c\u671b"},"content":{"rendered":"<\/p>\n","protected":false},"excerpt":{"rendered":"<p>Intervista a  Lucia Fronza Crepaz e Franco Pizzorno, corresponsabili del Movimento Umanit\u00e0 Nuova, al ritorno dal loro viaggio in Egitto.<\/p>\n","protected":false},"author":34,"featured_media":0,"comment_status":"open","ping_status":"open","sticky":false,"template":"","format":"standard","meta":{"give_campaign_id":0,"_seopress_robots_primary_cat":"","_seopress_titles_title":"","_seopress_titles_desc":"","_seopress_robots_index":"","_et_pb_use_builder":"","_et_pb_old_content":"","_et_gb_content_width":"","footnotes":""},"categories":[893],"tags":[],"class_list":["post-292246","post","type-post","status-publish","format-standard","hentry","category-focolare-worldwide-2"],"_links":{"self":[{"href":"https:\/\/www.focolare.org\/en\/wp-json\/wp\/v2\/posts\/292246","targetHints":{"allow":["GET"]}}],"collection":[{"href":"https:\/\/www.focolare.org\/en\/wp-json\/wp\/v2\/posts"}],"about":[{"href":"https:\/\/www.focolare.org\/en\/wp-json\/wp\/v2\/types\/post"}],"author":[{"embeddable":true,"href":"https:\/\/www.focolare.org\/en\/wp-json\/wp\/v2\/users\/34"}],"replies":[{"embeddable":true,"href":"https:\/\/www.focolare.org\/en\/wp-json\/wp\/v2\/comments?post=292246"}],"version-history":[{"count":0,"href":"https:\/\/www.focolare.org\/en\/wp-json\/wp\/v2\/posts\/292246\/revisions"}],"wp:attachment":[{"href":"https:\/\/www.focolare.org\/en\/wp-json\/wp\/v2\/media?parent=292246"}],"wp:term":[{"taxonomy":"category","embeddable":true,"href":"https:\/\/www.focolare.org\/en\/wp-json\/wp\/v2\/categories?post=292246"},{"taxonomy":"post_tag","embeddable":true,"href":"https:\/\/www.focolare.org\/en\/wp-json\/wp\/v2\/tags?post=292246"}],"curies":[{"name":"wp","href":"https:\/\/api.w.org\/{rel}","templated":true}]}}