{"id":292576,"date":"2011-06-28T13:38:17","date_gmt":"2011-06-28T11:38:17","guid":{"rendered":"https:\/\/www.focolare.org\/youth-for-a-united-world-at-world-youth-day-madrid\/"},"modified":"2024-05-13T20:43:12","modified_gmt":"2024-05-13T18:43:12","slug":"youth-for-a-united-world-at-world-youth-day-madrid","status":"publish","type":"post","link":"https:\/\/www.focolare.org\/en\/youth-for-a-united-world-at-world-youth-day-madrid\/","title":{"rendered":"Youth for a United World at World Youth Day, Madrid"},"content":{"rendered":"<p><a href=\"https:\/\/www.focolare.org\/wp-content\/uploads\/2011\/06\/20110628-c.jpg\"><img alt=\"\" alt=\"\" loading=\"lazy\" decoding=\"async\" class=\"alignright size-200x200 wp-image-40737\" style=\"border: 2px solid black;margin: 5px\" src=\"https:\/\/www.focolare.org\/wp-content\/uploads\/2011\/06\/20110628-c-200x128.jpg\" alt=\"\" width=\"200\" height=\"128\" \/><\/a>Below are listed a few open meetings, and the four events presented by youths of the Focolare, who are attending WYD with their respective diocese.  <span style=\"text-decoration: underline\"> <\/span>  <a href=\"http:\/\/www.madrid11.com\/\" target=\"_blank\" rel=\"noopener\"><strong>WYD 2011 \u2013 Madrid<\/strong><\/a>  <strong> <\/strong> <\/p>\n<ul>\n<li><strong><span style=\"text-decoration: underline\">Tuesday 16 August<\/span><\/strong> 20:00 Opening of WYD \u2013 Holy Mass at Cibeles Square, Madrid 22:00 <strong>Gen Rosso in Concert \u201cINDELEBILE DIMENSION\u201d.<\/strong> Pilar      Garc\u00eda Pe\u00f1a Auditorium (Pinar del Rey Park) &#8211; *<\/li>\n<li><strong><span style=\"text-decoration: underline\">Wednesday 17 August<\/span><\/strong> 10:00 Bishops\u2019 Catechesis 22:00 <strong>Musical \u201cLIFE, LOVE, LIGHT\u201d One of us. A life fulfilled.      Chiara Luce Badano, beatifiedon 25 September 2010 by Benedict XVI.<\/strong>Pilar      Garc\u00eda Pe\u00f1a Auditorium (Pinar del Rey Park) &#8211; *<\/li>\n<li><strong><span style=\"text-decoration: underline\">Thursday 18 August<\/span><\/strong> 10:00 Bishops\u2019 Catechesis 12:00 Pope arrives at Barajas airport. Welcoming Ceremony. 12:40 Pope\u2019s entrance into Madrid. Arrival at the Nunciature. 16:00 Welcoming Pope. Welcoming ceremony for the Holy Father. 19:30 Youths welcome Pope in Cibeles Square. 22:00 <strong>Gen Rosso in Concert \u201cDIMENSIONE INDELEBILE\u201d. <\/strong>Pilar      Garc\u00eda Pe\u00f1a Auditorium (Pinar del Rey Park) &#8211; *<\/li>\n<\/ul>\n<p> &nbsp; <\/p>\n<ul>\n<li><strong><span style=\"text-decoration: underline\">Friday 19 August<\/span><\/strong> 10:00 Bishops\u2019 Catechesis 11:30 Meeting with young consecrated religous Pope at El Escorial      Monastary. Ore 12:00 Pope Meets at El Escorial Monastarywith 1, 000 young university      professorsin the Basilica. 19:30 Way of the Cross 22:00 <strong>\u201cAdoration &#8211; Get together\u201d, Youth for a United World of the      Focolare Movement. <\/strong> <strong>church of the Carmelite Fathers: Via Ayala, 35 (Madrid) Metro      Vel\u00e1zquez \u2013 line 4 (15 minutewalk from where the Way of the Cross is held)<\/strong><\/li>\n<\/ul>\n<p> <span style=\"text-decoration: underline\"> <\/span> <\/p>\n<ul>\n<li><strong><span style=\"text-decoration: underline\">Saturday 20 August<\/span><\/strong> 16:00 Preparations at Cuatro Vientos. Youths will begin to arrive at the      aerodrome and take their seats. There will be activites on stage      (testimoniesby youths, music, prayer, etc.). 19:40 Visitto theSan Jos\u00e9 Institute Foundation. 20:30 <strong>Prayer vigil with the Pope<strong>in      the Cuatro Vientos Aerodrome<\/strong><\/strong>. 23:00 Night at Cuatro Vientos<\/li>\n<\/ul>\n<p> <span style=\"text-decoration: underline\"> <\/span> <\/p>\n<ul>\n<li><span style=\"text-decoration: underline\">Domenica      21 agosto<\/span> 09:00 Pope arrives at Cuatro Vientos 09:30 Sending out mass of the<strong>WYD<\/strong> 17:30 Meeting of Pope with volunteers 18:30 Farewell greeting from Pope<\/li>\n<\/ul>\n<p> &nbsp; <\/p>\n<ul>\n<li>(*) HowtoreachAuditorium Pilar      Garc\u00eda Pe\u00f1a (Parque Pinar del Rey) Via: L\u00f3pez de Hoyos c\/v carretera de Canillas (Madrid) Metro: Pinar del Rey- linea 8 &#8211; Bus: 9, 72, 73<\/li>\n<\/ul>\n","protected":false},"excerpt":{"rendered":"<p>\u201cWe\u2019ll see you in two months in Madrid!!!\u201dis the title of the YUW blog, announcing four of the events of the rich and varied programme of Madrid 2011: two concerts by Gen Rosso, the adoration vigil \u2013 Get Together, and Life Love Light musical about the life of Chiara Luce Badano.<\/p>\n","protected":false},"author":34,"featured_media":0,"comment_status":"open","ping_status":"open","sticky":false,"template":"","format":"standard","meta":{"give_campaign_id":0,"_seopress_robots_primary_cat":"","_seopress_titles_title":"","_seopress_titles_desc":"","_seopress_robots_index":"","_et_pb_use_builder":"","_et_pb_old_content":"","_et_gb_content_width":"","footnotes":""},"categories":[893],"tags":[],"class_list":["post-292576","post","type-post","status-publish","format-standard","hentry","category-focolare-worldwide-2"],"_links":{"self":[{"href":"https:\/\/www.focolare.org\/en\/wp-json\/wp\/v2\/posts\/292576","targetHints":{"allow":["GET"]}}],"collection":[{"href":"https:\/\/www.focolare.org\/en\/wp-json\/wp\/v2\/posts"}],"about":[{"href":"https:\/\/www.focolare.org\/en\/wp-json\/wp\/v2\/types\/post"}],"author":[{"embeddable":true,"href":"https:\/\/www.focolare.org\/en\/wp-json\/wp\/v2\/users\/34"}],"replies":[{"embeddable":true,"href":"https:\/\/www.focolare.org\/en\/wp-json\/wp\/v2\/comments?post=292576"}],"version-history":[{"count":0,"href":"https:\/\/www.focolare.org\/en\/wp-json\/wp\/v2\/posts\/292576\/revisions"}],"wp:attachment":[{"href":"https:\/\/www.focolare.org\/en\/wp-json\/wp\/v2\/media?parent=292576"}],"wp:term":[{"taxonomy":"category","embeddable":true,"href":"https:\/\/www.focolare.org\/en\/wp-json\/wp\/v2\/categories?post=292576"},{"taxonomy":"post_tag","embeddable":true,"href":"https:\/\/www.focolare.org\/en\/wp-json\/wp\/v2\/tags?post=292576"}],"curies":[{"name":"wp","href":"https:\/\/api.w.org\/{rel}","templated":true}]}}