{"id":308270,"date":"2022-03-30T06:00:52","date_gmt":"2022-03-30T04:00:52","guid":{"rendered":"https:\/\/www.focolare.org\/the-focolare-movement-publishes-the-results-of-an-independent-inquiry-into-cases-of-abuse-by-a-former-consecrated-member-in-france\/"},"modified":"2024-07-19T10:50:20","modified_gmt":"2024-07-19T08:50:20","slug":"the-focolare-movement-publishes-the-results-of-an-independent-inquiry-into-cases-of-abuse-by-a-former-consecrated-member-in-france","status":"publish","type":"post","link":"https:\/\/www.focolare.org\/en\/the-focolare-movement-publishes-the-results-of-an-independent-inquiry-into-cases-of-abuse-by-a-former-consecrated-member-in-france\/","title":{"rendered":"The Focolare Movement publishes the results of an Independent Inquiry into cases of abuse by a former consecrated member in France"},"content":{"rendered":"<p style=\"text-align: left;\" align=\"center\"><span lang=\"en-GB\">Margaret Karram: <\/span><span lang=\"en-GB\"><i>&#8220;<\/i><\/span><span style=\"color: #000000;\"><span lang=\"en-GB\"><i>I commit myself on behalf of the Focolare Movement to respond with action, listening, openness and preventive measures, to the final recommendations made by the Independent Inquiry.&#8221;<\/i><\/span><\/span><\/p>\n<p align=\"justify\"><span lang=\"en-GB\">The Focolare Movement has announced the <a href=\"https:\/\/www.focolare.org\/wp-content\/uploads\/2022\/03\/JMM-Inquiry-Report-En.pdf\" target=\"_blank\" rel=\"noopener\">results of the investigation<\/a> carried out by an external and independent body into the cases of sexual abuse involving JMM, a former consecrated member of the Focolare Movement in France. <\/span><\/p>\n<p align=\"justify\"><span lang=\"en-GB\">On 23rd December 2020, the Focolare Movement entrusted the Inquiry to the British company <a href=\"https:\/\/inquiry.gcps.consulting\/index.html\" target=\"_blank\" rel=\"noopener\">GCPS Consulting<\/a>, an independent body whose mission has always been to help institutions improve their systems for preventing and reporting abuse. To ensure the integrity, quality and reliability of the inquiry process and its results, the Focolare Movement also appointed Alain Christnacht, a former senior French civil servant, as an independent supervisor, with no connection to the Movement.<\/span><\/p>\n<p align=\"justify\"><span lang=\"en-GB\">At the request of the victims, the Focolare Movement entrusted the inquiry to an independent Commission in the same spirit with which the French Bishops&#8217; Conference commissioned CIASE (Commission ind\u00e9pendante sur les abus sexuels dans l\u2019\u00c9glise), in February 2019, to carry out an investigation into the whole of the Catholic Church in France with the sole aim of giving absolute priority to the victims in its investigation.<\/span><\/p>\n<p align=\"justify\"><span lang=\"en-GB\">The independent body received testimonies covering the period 1958-2020 which clearly show that JMM was responsible for different levels of abuse of at least 26 victims. <\/span><\/p>\n<p align=\"justify\"><span lang=\"en-GB\"><b>GCPS Consulting summarises the work done for the Inquiry as follows:<\/b><\/span><\/p>\n<p align=\"justify\"><span lang=\"en-GB\">&#8220;Listening to the victims was one of the main tasks and a challenging part of the process, for the victims and for the Inquiry team, but it is the most important element.<\/span><\/p>\n<p align=\"justify\"><span lang=\"en-GB\">The report describes events over five decades in which JMM abused or attempted to sexually abuse his victims, mainly teenage boys, describing his <\/span><span lang=\"en-GB\"><i>modus operandi<\/i><\/span><span lang=\"en-GB\"> and also the context in which the abuse took place. The investigation listened to other victims of abuse, some sexual and also other types of abuse, from a significant number of victims and witnesses.<\/span><\/p>\n<p align=\"justify\"><span lang=\"en-GB\">The fact that the abuse was widespread and not addressed, even when reported to those in positions of leadership and responsibility, is also a subject of the report. The Inquiry was asked to examine the extent to which the people responsible were aware of these events at the time and subsequently, and to assess how they were addressed. The report describes in detail how complaints were not responded to adequately, victims were not heard, were not treated appropriately, and how opportunities were missed to respond to JMM\u2019s abuse and to prevent subsequent incidents.<\/span><\/p>\n<p><span lang=\"en-GB\">Finally, the report details how the Focolare Movement has developed safeguarding measures more recently and makes a number of recommendations to strengthen the safeguarding environment, including those related to fundamental changes in culture and leadership&#8221;.<\/span><\/p>\n<p align=\"justify\"><span lang=\"en-GB\"><b>After reviewing the report Margaret Karram, President of the Focolare Movement, said<\/b><\/span><span lang=\"en-GB\">,<\/span><\/p>\n<p align=\"justify\"><span style=\"color: #000000;\"><span lang=\"en-GB\"><i>&#8220;There are no words that can adequately express the shock and pain I feel at the harm that has been done to children and young people by <\/i><\/span><\/span><span style=\"color: #000000;\"><span lang=\"en-GB\">JMM <\/span><\/span><span style=\"color: #000000;\"><span lang=\"en-GB\"><i>and &#8211; I say this with immense suffering &#8211; not only by him, as is clear from the results of the inquiry.&#8221; <\/i><\/span><\/span><\/p>\n<p align=\"justify\"><span style=\"color: #000000;\"><span lang=\"en-GB\">Addressing the victims, she added, <\/span><\/span><span style=\"color: #000000;\"><span lang=\"en-GB\"><i>&#8216;In this moment, all my thoughts and feelings are for you who have suffered a very serious crime that in many cases has ruined your lives&#8217;. <\/i><\/span><\/span><\/p>\n<p align=\"center\"><span style=\"color: #000000;\"><span lang=\"en-GB\"><i><b>TO EACH AND EVERY ONE OF YOU <\/b><\/i><\/span><\/span><i style=\"color: #000000;\"><b>PERSONALLY, AND TOGETHER WITH CO-PRESIDENT JES\u00daS MOR\u00c1N, <\/b><\/i><span style=\"color: #000000;\"><span lang=\"en-GB\"><i><b>AND ON BEHALF OF THE FOCOLARE MOVEMENT, <\/b><\/i><\/span><\/span><span style=\"color: #000000;\"><span lang=\"en-GB\"><i><b>I HUMBLY ASK FORGIVENESS<\/b><\/i><\/span><\/span><\/p>\n<p align=\"justify\"><span style=\"color: #000000;\"><span lang=\"en-GB\"><i>We must recognise that despite the good that the Movement has done throughout its history, here we failed in being vigilant, in listening and in being receptive to the cries for help from so many people. <\/i><\/span><\/span><span style=\"color: #000000;\"><span lang=\"en-GB\"><i><b>This must not happen again <\/b><\/i><\/span><\/span><span style=\"color: #000000;\"><span lang=\"en-GB\"><i>and is <\/i><\/span><\/span><span lang=\"en-GB\"><i>in total contradiction with the values that the Focolare Movement with its Christian spirituality is called to live.<\/i><\/span><\/p>\n<p align=\"justify\"><span style=\"color: #000000;\"><span lang=\"en-GB\"><i>I commit myself on behalf of the Focolare Movement, to respond with action, listening, openness and preventive measures, to the final recommendations made by the Independent Inquiry&#8221;. <\/i><\/span><\/span><\/p>\n<p align=\"justify\"><span lang=\"en-GB\">The Focolare Movement is more determined than ever to ensure that its communities around the world are safe places where there can be mutual enrichment. As the GCPS inquiry points out, in 2011 the Movement began an in-depth evaluation of measures to prevent abuse and safeguard people. Those measures were reviewed in 2014 and 2020 and will be further updated after an in-depth study of the results of this inquiry. <\/span><\/p>\n<p align=\"justify\"><span lang=\"en-GB\">The Focolare Movement has informed the French Bishops&#8217; Conference and the Dicastery for Laity, Family and Life of the publication of the report. <\/span><\/p>\n<p><span lang=\"en-GB\">The Movement&#8217;s main concern is to contribute as much as possible to the healing process of the victims, including financial compensation, if necessary and requested. <\/span> <span lang=\"en-GB\">For this reason, on the recommendation of the Church in France, the Focolare Movement has asked the &#8220;Commission ind\u00e9pendante de reconnaissance et de r\u00e9paration&#8221; (CRR), a multidisciplinary body composed of experts from civic society and set up by CORREF (Conf\u00e9rence des Religieux et Religieuses de France) to accompany victims who so wish on their path to reparation. As of now, victims can contact this body.<\/span> <span lang=\"en-GB\">Mail: <a href=\"mailto:victimes@crr.contact\" target=\"_blank\" rel=\"noopener\">victimes@crr.contact<\/a> <\/span><span lang=\"en-GB\">Tel: 09 73 88 25 71 <\/span>Internet site: <a href=\"https:\/\/www.reconnaissancereparation.org\" target=\"_blank\" rel=\"noopener\">https:\/\/www.reconnaissancereparation.org<\/a> <span lang=\"en-GB\">In order to fulfil its commitment to the victims of JMM, the Movement has for some months now been running a psychological support procedure coordinated by Dr Alexis Vancappel. This procedure will be maintained for the victims who have already used this service.<\/span><\/p>\n<p align=\"justify\"><span lang=\"en-GB\"><b>The Focolare Movement states that <\/b><\/span><span style=\"color: #000000;\"><span lang=\"en-GB\"><b>in the coming weeks it will make <\/b><\/span><\/span><span lang=\"en-GB\"><b>known the procedures and measures it intends to put in place to respond to the recommendations contained in the report.<\/b><\/span><\/p>\n<p><span style=\"color: #000000;\"><span lang=\"en-GB\">The <\/span><\/span><span style=\"color: #000000;\"><span lang=\"en-GB\"><b>results of the survey <\/b><\/span><\/span><span style=\"color: #000000;\"><span lang=\"en-GB\">are published in full and accessible to all on the <a href=\"https:\/\/gcps.consulting\/\" target=\"_blank\" rel=\"noopener\">GCPS Consulting<\/a> website and on <a href=\"https:\/\/focolari.fr\/\" target=\"_blank\" rel=\"noopener\">the French<\/a> as well as the international website of <a href=\"https:\/\/www.focolare.org\/wp-content\/uploads\/2023\/03\/JMM-Inquiry-Report-En.pdf\" target=\"_blank\" rel=\"noopener\">the Focolare Movement<\/a>. At present, the survey is available in English, French and Italian. Translations in German, Spanish and Portuguese will be added later.<\/span><\/span><\/p>\n<p align=\"right\"><span lang=\"en-GB\">Stefania Tanesini<\/span><\/p>\n<p style=\"text-align: left;\" align=\"right\"><a href=\"https:\/\/www.focolare.org\/wp-content\/uploads\/2022\/03\/JMM-Inquiry-Report-En.pdf\" target=\"_blank\" rel=\"noopener\">Independent investigation (full text)<\/a><\/p>\n<p style=\"text-align: left;\" align=\"right\"><a href=\"https:\/\/www.focolare.org\/wp-content\/uploads\/2022\/03\/JMM-Summary-Report-En-31.03.2022.pdf\" target=\"_blank\" rel=\"noopener\">Summary report<\/a><\/p>\n<p style=\"text-align: left;\" align=\"right\"><a href=\"https:\/\/www.focolare.org\/wp-content\/uploads\/2022\/03\/Supervisors-report-Alain-Christnacht-28.03.2022.pdf\" target=\"_blank\" rel=\"noopener\">Supervisors report Alain Christnacht<\/a><\/p>\n<p><a href=\"https:\/\/www.focolare.org\/wp-content\/uploads\/2022\/03\/PRS-CP-20220329-ENG_-Letter-from-the-Focolare-President-and-Co-President-to-the-members-of-the-Focolare-Movement-in-France.pdf\">Letter from the Focolare President and Co-President to the members of the Focolare Movement in France<\/a><\/p>\n<p align=\"right\">\n","protected":false},"excerpt":{"rendered":"<p>Margaret Karram: &#8220;I commit myself on behalf of the Focolare Movement to respond with action, listening, openness and preventive measures, to the final recommendations made by the Independent Inquiry.&#8221;<\/p>\n","protected":false},"author":27,"featured_media":0,"comment_status":"open","ping_status":"open","sticky":false,"template":"","format":"standard","meta":{"give_campaign_id":0,"_seopress_robots_primary_cat":"","_seopress_titles_title":"","_seopress_titles_desc":"","_seopress_robots_index":"","_et_pb_use_builder":"","_et_pb_old_content":"","_et_gb_content_width":"","footnotes":""},"categories":[2893,1,3304],"tags":[3196],"class_list":["post-308270","post","type-post","status-publish","format-standard","hentry","category-centro-internazionale-2","category-non-categorizzato","category-tutela-minori-en","tag-ppg-en"],"_links":{"self":[{"href":"https:\/\/www.focolare.org\/en\/wp-json\/wp\/v2\/posts\/308270","targetHints":{"allow":["GET"]}}],"collection":[{"href":"https:\/\/www.focolare.org\/en\/wp-json\/wp\/v2\/posts"}],"about":[{"href":"https:\/\/www.focolare.org\/en\/wp-json\/wp\/v2\/types\/post"}],"author":[{"embeddable":true,"href":"https:\/\/www.focolare.org\/en\/wp-json\/wp\/v2\/users\/27"}],"replies":[{"embeddable":true,"href":"https:\/\/www.focolare.org\/en\/wp-json\/wp\/v2\/comments?post=308270"}],"version-history":[{"count":0,"href":"https:\/\/www.focolare.org\/en\/wp-json\/wp\/v2\/posts\/308270\/revisions"}],"wp:attachment":[{"href":"https:\/\/www.focolare.org\/en\/wp-json\/wp\/v2\/media?parent=308270"}],"wp:term":[{"taxonomy":"category","embeddable":true,"href":"https:\/\/www.focolare.org\/en\/wp-json\/wp\/v2\/categories?post=308270"},{"taxonomy":"post_tag","embeddable":true,"href":"https:\/\/www.focolare.org\/en\/wp-json\/wp\/v2\/tags?post=308270"}],"curies":[{"name":"wp","href":"https:\/\/api.w.org\/{rel}","templated":true}]}}