{"id":340320,"date":"2011-11-16T07:58:40","date_gmt":"2011-11-16T06:58:40","guid":{"rendered":"https:\/\/www.focolare.org\/parana-argentina-peregrinacion-en-la-fiesta-de-chiara-luce-badano\/"},"modified":"2024-06-06T12:04:12","modified_gmt":"2024-06-06T10:04:12","slug":"parana-argentina-peregrinacion-en-la-fiesta-de-chiara-luce-badano","status":"publish","type":"post","link":"https:\/\/www.focolare.org\/en\/parana-argentina-peregrinacion-en-la-fiesta-de-chiara-luce-badano\/","title":{"rendered":"Paran\u00e1, Argentina: peregrinaci\u00f3n en la fiesta de Chiara Luce Badano"},"content":{"rendered":"<p><!-- verVideo(151714); \/\/ --><a href=\"http:\/\/www.elonce.com\/videos\/video.php?id=151714\">http:\/\/www.elonce.com\/videos\/video.php?id=151714<\/a><!--more--><\/p>\n","protected":false},"excerpt":{"rendered":"<p>Estuvo presente el Cardenal Estanislao Karlic, quien camin\u00f3 junto a un centenar de j\u00f3venes los tres kil\u00f3metros desde la ciudad hasta el Centro Mari\u00e1polis \u201cEl Salvador\u201d.<\/p>\n","protected":false},"author":1,"featured_media":0,"comment_status":"open","ping_status":"open","sticky":false,"template":"","format":"standard","meta":{"give_campaign_id":0,"_seopress_robots_primary_cat":"","_seopress_titles_title":"","_seopress_titles_desc":"","_seopress_robots_index":"","_et_pb_use_builder":"","_et_pb_old_content":"","_et_gb_content_width":"","footnotes":""},"categories":[1],"tags":[],"class_list":["post-340320","post","type-post","status-publish","format-standard","hentry","category-non-categorizzato"],"_links":{"self":[{"href":"https:\/\/www.focolare.org\/en\/wp-json\/wp\/v2\/posts\/340320","targetHints":{"allow":["GET"]}}],"collection":[{"href":"https:\/\/www.focolare.org\/en\/wp-json\/wp\/v2\/posts"}],"about":[{"href":"https:\/\/www.focolare.org\/en\/wp-json\/wp\/v2\/types\/post"}],"author":[{"embeddable":true,"href":"https:\/\/www.focolare.org\/en\/wp-json\/wp\/v2\/users\/1"}],"replies":[{"embeddable":true,"href":"https:\/\/www.focolare.org\/en\/wp-json\/wp\/v2\/comments?post=340320"}],"version-history":[{"count":0,"href":"https:\/\/www.focolare.org\/en\/wp-json\/wp\/v2\/posts\/340320\/revisions"}],"wp:attachment":[{"href":"https:\/\/www.focolare.org\/en\/wp-json\/wp\/v2\/media?parent=340320"}],"wp:term":[{"taxonomy":"category","embeddable":true,"href":"https:\/\/www.focolare.org\/en\/wp-json\/wp\/v2\/categories?post=340320"},{"taxonomy":"post_tag","embeddable":true,"href":"https:\/\/www.focolare.org\/en\/wp-json\/wp\/v2\/tags?post=340320"}],"curies":[{"name":"wp","href":"https:\/\/api.w.org\/{rel}","templated":true}]}}