{"id":293050,"date":"2000-06-07T22:00:00","date_gmt":"2000-06-07T20:00:00","guid":{"rendered":"https:\/\/www.focolare.org\/itradio-san-gabriel-una-radio-nel-cuore-del-popolo-aymara\/"},"modified":"2024-05-13T20:44:49","modified_gmt":"2024-05-13T18:44:49","slug":"itradio-san-gabriel-una-radio-nel-cuore-del-popolo-aymara","status":"publish","type":"post","link":"https:\/\/www.focolare.org\/es\/itradio-san-gabriel-una-radio-nel-cuore-del-popolo-aymara\/","title":{"rendered":"[:it]Radio San Gabriel, una radio nel cuore del popolo Aymara"},"content":{"rendered":"<p><\/p>\n","protected":false},"excerpt":{"rendered":"<p>In una delle comunit\u00e0 Aymara, tra i popoli pi\u00f9 antichi delle Ande, sparse sull\u2019altipiano boliviano, \u00e8 nata, 45 anni fa, Radio San Gabriel, come mezzo di espressione di questi popoli. Nel 1977 padre Jos\u00e9 Canut si trasfer\u00ec dalla Spagna alla Bolivia per assumersi la responsabilit\u00e0 della radio. A contatto con il popolo Aymara ha dovuto perdere la propria cultura per poter entrare in quella cultura millenaria.<\/p>\n","protected":false},"author":34,"featured_media":0,"comment_status":"open","ping_status":"open","sticky":false,"template":"","format":"standard","meta":{"give_campaign_id":0,"_seopress_robots_primary_cat":"","_seopress_titles_title":"","_seopress_titles_desc":"","_seopress_robots_index":"","_et_pb_use_builder":"","_et_pb_old_content":"","_et_gb_content_width":"","footnotes":""},"categories":[46],"tags":[],"class_list":["post-293050","post","type-post","status-publish","format-standard","hentry","category-sin-categorizar"],"_links":{"self":[{"href":"https:\/\/www.focolare.org\/es\/wp-json\/wp\/v2\/posts\/293050","targetHints":{"allow":["GET"]}}],"collection":[{"href":"https:\/\/www.focolare.org\/es\/wp-json\/wp\/v2\/posts"}],"about":[{"href":"https:\/\/www.focolare.org\/es\/wp-json\/wp\/v2\/types\/post"}],"author":[{"embeddable":true,"href":"https:\/\/www.focolare.org\/es\/wp-json\/wp\/v2\/users\/34"}],"replies":[{"embeddable":true,"href":"https:\/\/www.focolare.org\/es\/wp-json\/wp\/v2\/comments?post=293050"}],"version-history":[{"count":0,"href":"https:\/\/www.focolare.org\/es\/wp-json\/wp\/v2\/posts\/293050\/revisions"}],"wp:attachment":[{"href":"https:\/\/www.focolare.org\/es\/wp-json\/wp\/v2\/media?parent=293050"}],"wp:term":[{"taxonomy":"category","embeddable":true,"href":"https:\/\/www.focolare.org\/es\/wp-json\/wp\/v2\/categories?post=293050"},{"taxonomy":"post_tag","embeddable":true,"href":"https:\/\/www.focolare.org\/es\/wp-json\/wp\/v2\/tags?post=293050"}],"curies":[{"name":"wp","href":"https:\/\/api.w.org\/{rel}","templated":true}]}}