{"id":293088,"date":"2000-11-11T23:00:00","date_gmt":"2000-11-11T22:00:00","guid":{"rendered":"https:\/\/www.focolare.org\/itcomunita-di-fedi-diverse-insieme-verso-una-convivenza-armoniosa-della-famiglia-umana\/"},"modified":"2024-05-13T20:45:04","modified_gmt":"2024-05-13T18:45:04","slug":"itcomunita-di-fedi-diverse-insieme-verso-una-convivenza-armoniosa-della-famiglia-umana","status":"publish","type":"post","link":"https:\/\/www.focolare.org\/es\/itcomunita-di-fedi-diverse-insieme-verso-una-convivenza-armoniosa-della-famiglia-umana\/","title":{"rendered":"[:it]Comunit\u00e0 di fedi diverse, insieme verso una convivenza armoniosa della famiglia umana"},"content":{"rendered":"<p><\/p>\n","protected":false},"excerpt":{"rendered":"<p>&quot;Non \u00e8 pi\u00f9 tempo per vivere isolati. Cristiani e musulmani si devono incontrare e conoscere. Questo \u00e8 quanto possiamo mostrare: persone di religioni diverse che si riconoscono parte di un\u2019unica umanit\u00e0; persone che hanno trovato una vita nuova perch\u00e9 il peso dei pregiudizi \u00e8 stato levato dal loro cuore&quot;.<\/p>\n<p>Cos\u00ec l&#039;Imam W.D. Mohammed, leader degli afro-americani musulmani, riconosciuto in campo internazionale, motiva l&#039;iniziativa della grande Convention a cui ha invitato Chiara Lubich, fondatrice del Movimento dei Focolari&#8230;<\/p>\n","protected":false},"author":34,"featured_media":0,"comment_status":"open","ping_status":"open","sticky":false,"template":"","format":"standard","meta":{"give_campaign_id":0,"_seopress_robots_primary_cat":"","_seopress_titles_title":"","_seopress_titles_desc":"","_seopress_robots_index":"","_et_pb_use_builder":"","_et_pb_old_content":"","_et_gb_content_width":"","footnotes":""},"categories":[46],"tags":[],"class_list":["post-293088","post","type-post","status-publish","format-standard","hentry","category-sin-categorizar"],"_links":{"self":[{"href":"https:\/\/www.focolare.org\/es\/wp-json\/wp\/v2\/posts\/293088","targetHints":{"allow":["GET"]}}],"collection":[{"href":"https:\/\/www.focolare.org\/es\/wp-json\/wp\/v2\/posts"}],"about":[{"href":"https:\/\/www.focolare.org\/es\/wp-json\/wp\/v2\/types\/post"}],"author":[{"embeddable":true,"href":"https:\/\/www.focolare.org\/es\/wp-json\/wp\/v2\/users\/34"}],"replies":[{"embeddable":true,"href":"https:\/\/www.focolare.org\/es\/wp-json\/wp\/v2\/comments?post=293088"}],"version-history":[{"count":0,"href":"https:\/\/www.focolare.org\/es\/wp-json\/wp\/v2\/posts\/293088\/revisions"}],"wp:attachment":[{"href":"https:\/\/www.focolare.org\/es\/wp-json\/wp\/v2\/media?parent=293088"}],"wp:term":[{"taxonomy":"category","embeddable":true,"href":"https:\/\/www.focolare.org\/es\/wp-json\/wp\/v2\/categories?post=293088"},{"taxonomy":"post_tag","embeddable":true,"href":"https:\/\/www.focolare.org\/es\/wp-json\/wp\/v2\/tags?post=293088"}],"curies":[{"name":"wp","href":"https:\/\/api.w.org\/{rel}","templated":true}]}}