{"id":293308,"date":"2010-10-22T22:00:00","date_gmt":"2010-10-22T20:00:00","guid":{"rendered":"https:\/\/www.focolare.org\/primer-obispo-vietnamita-hacia-la-santidad\/"},"modified":"2024-05-13T20:45:49","modified_gmt":"2024-05-13T18:45:49","slug":"primer-obispo-vietnamita-hacia-la-santidad","status":"publish","type":"post","link":"https:\/\/www.focolare.org\/es\/primer-obispo-vietnamita-hacia-la-santidad\/","title":{"rendered":"Primer obispo vietnamita hacia la santidad"},"content":{"rendered":"<p><p><strong><img loading=\"lazy\" decoding=\"async\" style=\"border: 0pt none;margin-left: 5px;margin-right: 5px\" src=\"https:\/\/www.focolare.org\/wp-content\/uploads\/layout\/edit\/foto\/foto2010\/101023-01.jpg\" alt=\"\" hspace=\"10\" vspace=\"o\" width=\"200\" height=\"200\" align=\"left\" \/>Muchos  han conocido las vicisitudes humanas del cardenal vietnamita  Fran\u00e7ois-Xavier Nguy\u00ean Van Thu\u00e2n, quien estuvo en la c\u00e1rcel por m\u00e1s de  trece a\u00f1os.<\/strong> Muchos se sintieron alentados por su testimonio heroico de fe y  experimentaron personalmente la caridad, forjada en el crisol de la  prueba, de esta gran personalidad contempor\u00e1nea.<\/p>\n<p><strong>S\u00f3lo  despu\u00e9s de 8 a\u00f1os de su desaparici\u00f3n, el 22 de octubre, se abri\u00f3 para  \u00e9l el Proceso de Beatificaci\u00f3n con la ceremonia oficial en San Juan de  Letr\u00e1n.<\/strong><\/p>\n<p>Nacido en 1928, en Vietnam, en el seno de una antigua familia de  tradici\u00f3n cristiana, fue ordenado sacerdote en 1953, y ya en 964 se  convirti\u00f3 en rector del seminario de Hue. El 3 de abril de 1967, Pablo  VI lo nombr\u00f3 primer obispo vietnamita de Nha Trang. Eligi\u00f3 como lema  Gaudium et Spes porque deseaba ser un ap\u00f3stol de la alegr\u00eda y de la esperanza.<\/p>\n<p>Un hombre de rica y profunda espiritualidad, hall\u00f3 gran inspiraci\u00f3n  para su vida personal y para su misi\u00f3n pastoral en el encuentro, en  1974, con Chiara Lubich y su espiritualidad de la unidad.<\/p>\n<p>En  1975 fue arrestado y encarcelado por el gobierno comunista. Nunca lo  procesaron ni condenaron. Transcurri\u00f3 m\u00e1s de trece a\u00f1os en c\u00e1rcel, de  los cuales nueve en aislamiento.<\/p>\n<p>Su elecci\u00f3n de Jes\u00fas Crucificado y Abandonado, punto fundamental de la  espiritualidad de la unidad, como Aqu\u00e9l a quien hay de imitar, le dio la  fuerza para ser un testigo de la esperanza\u00a0 y de la caridad, siempre, y  en forma indescriptible durante los oscuros y largos a\u00f1os de prisi\u00f3n.  A\u00f1os despu\u00e9s, en julio de 2001, ante 1300 sacerdotes reunidos en  Castelgandolfo, afirm\u00f3 que \u201cel haber conocido a Chiara Lubich y su  carisma de unidad, me salv\u00f3 en aquellos largos a\u00f1os\u201d.<\/p>\n<p><strong> <\/strong><\/p>\n<p><strong>Sus muchos escritos contienen verdaderas joyas de aut\u00e9ntica espiritualidad evang\u00e9lica,<\/strong> ilustrados por innumerables experiencias que resplandecen como v\u00eda de  santidad para cualquiera que encuentre este gran testigo de nuestro  tiempo.<\/p>\n<p>He aqu\u00ed uno:<\/p>\n<p><em>\u201cUna noche, en la c\u00e1rcel, desde lo m\u00e1s profundo de mi coraz\u00f3n,  escuch\u00e9 una voz que me preguntaba: \u2018\u00bfPor qu\u00e9 te atormentas? Debes saber  discernir entre Dios y las obras de Dios. Todo lo que has hecho y que  todav\u00eda desear\u00edas hacer: visitas pastorales, formar seminaristas,\u00a0  religiosas y a los dem\u00e1s miembros de las \u00f3rdenes religiosas, construir  escuelas, evangelizar a los no cristianos. Todo esto es un \u00f3ptimo  trabajo, es trabajo de Dios, \u00a1pero no es Dios! Si \u00c9l te pide que lo  dejes todo y conf\u00edes cada cosa a sus manos, hazlo y conf\u00eda en \u00c9l. Dios  sabr\u00e1 hacer las cosas infinitamente mejor que t\u00fa: confiar\u00e1 el trabajo a  otros m\u00e1s capaces que t\u00fa. \u00a1Tienes que elegir a Dios y no su  trabajo!\u2019.Fue una luz que cambi\u00f3 totalmente mi forma de pensar.<\/em><\/p>\n<p><em>Entonces cuando los comunistas me hicieron bajar a la bodega de un  barco, la Hai-Phong, repleto, junto con otros 1500 prisioneros que eran  transportados al Norte me dije: \u2018\u00c9sta es mi catedral, \u00e9ste es el pueblo  que Dios me conf\u00eda para que yo lo cuide, he aqu\u00ed mi misi\u00f3n: asegurar la  presencia de Dios entre esta gente, entre estos miserables y  desesperados hermanos m\u00edos. Es Su voluntad que yo est\u00e9 aqu\u00ed. Acepto Su  Voluntad\u2019. Desde ese momento una nueva paz llen\u00f3 mi coraz\u00f3n y nunca m\u00e1s  me abandon\u00f3 en esos trece a\u00f1os\u201d.<\/em><\/p>\n<p>Autor de numerosos libros \u2013algunos publicados por Ciudad Nueva-  incansable predicador, testigo de una fe heroica y de caridad sin  l\u00edmites, Van Thu\u00e0n ser\u00e1 recordado tambi\u00e9n por su gran compromiso en la  reedici\u00f3n del compendio de la Doctrina Social de la Iglesia y por los  \u00faltimos a\u00f1os de su vida gastados intensamente al frente del Consejo  Pontifico de Justicia y Paz.<\/p>\n<p><img loading=\"lazy\" decoding=\"async\" src=\"..\/wp-content\/uploads\/layout\/edit\/foto\/foto2010\/101023-03.jpg\" alt=\"\" width=\"200\" height=\"201\" \/><img loading=\"lazy\" decoding=\"async\" src=\"..\/wp-content\/uploads\/layout\/edit\/foto\/foto2010\/101023-05.JPG\" alt=\"\" width=\"200\" height=\"200\" \/><\/p><\/p>\n","protected":false},"excerpt":{"rendered":"<p>Inicia la apertura de la fase diocesana del Proceso de Beatificaci\u00f3n del recordado Cardenal vietnamita Fran\u00e7ois-Xavier Nguy\u00ean Van Thu\u00e2n<\/p>\n","protected":false},"author":34,"featured_media":0,"comment_status":"open","ping_status":"open","sticky":false,"template":"","format":"standard","meta":{"give_campaign_id":0,"_seopress_robots_primary_cat":"","_seopress_titles_title":"","_seopress_titles_desc":"","_seopress_robots_index":"","_et_pb_use_builder":"","_et_pb_old_content":"","_et_gb_content_width":"","footnotes":""},"categories":[46],"tags":[],"class_list":["post-293308","post","type-post","status-publish","format-standard","hentry","category-sin-categorizar"],"_links":{"self":[{"href":"https:\/\/www.focolare.org\/es\/wp-json\/wp\/v2\/posts\/293308","targetHints":{"allow":["GET"]}}],"collection":[{"href":"https:\/\/www.focolare.org\/es\/wp-json\/wp\/v2\/posts"}],"about":[{"href":"https:\/\/www.focolare.org\/es\/wp-json\/wp\/v2\/types\/post"}],"author":[{"embeddable":true,"href":"https:\/\/www.focolare.org\/es\/wp-json\/wp\/v2\/users\/34"}],"replies":[{"embeddable":true,"href":"https:\/\/www.focolare.org\/es\/wp-json\/wp\/v2\/comments?post=293308"}],"version-history":[{"count":0,"href":"https:\/\/www.focolare.org\/es\/wp-json\/wp\/v2\/posts\/293308\/revisions"}],"wp:attachment":[{"href":"https:\/\/www.focolare.org\/es\/wp-json\/wp\/v2\/media?parent=293308"}],"wp:term":[{"taxonomy":"category","embeddable":true,"href":"https:\/\/www.focolare.org\/es\/wp-json\/wp\/v2\/categories?post=293308"},{"taxonomy":"post_tag","embeddable":true,"href":"https:\/\/www.focolare.org\/es\/wp-json\/wp\/v2\/tags?post=293308"}],"curies":[{"name":"wp","href":"https:\/\/api.w.org\/{rel}","templated":true}]}}