{"id":293362,"date":"2002-07-01T22:00:00","date_gmt":"2002-07-01T20:00:00","guid":{"rendered":"https:\/\/www.focolare.org\/la-fraternidad-como-categoria-politica-lanzada-por-chiara-lubich-como-absoluta-necesidad-despues-del-11-de-septiembre\/"},"modified":"2024-05-13T20:45:54","modified_gmt":"2024-05-13T18:45:54","slug":"la-fraternidad-como-categoria-politica-lanzada-por-chiara-lubich-como-absoluta-necesidad-despues-del-11-de-septiembre","status":"publish","type":"post","link":"https:\/\/www.focolare.org\/es\/la-fraternidad-como-categoria-politica-lanzada-por-chiara-lubich-como-absoluta-necesidad-despues-del-11-de-septiembre\/","title":{"rendered":"\u201cLa fraternidad como categor\u00eda pol\u00edtica\u201d lanzada por Chiara Lubich como absoluta necesidad despu\u00e9s del 11 de septiembre"},"content":{"rendered":"<p align=\"justify\">La fraternidad como categor\u00eda pol\u00edtica es la respuesta m\u00e1s innovadora ante las tensiones y conflictos del mundo, as\u00ed como en cada uno de los Estados y dentro de las administraciones locales\u201d. Es uno de los puntos claves del mensaje que Chiara Lubich lanz\u00f3 desde Rimini donde hab\u00eda sido invitada por el alcalde, Alberto Ravaioli. La Administraci\u00f3n comunal y provincial han querido que precisamente desde esta ciudad, Rimini, capital del turismo y de la hospitalidad, ciudad de tradici\u00f3n cosmopolita, partiera este fuerte mensaje.<\/p>\n<p align=\"justify\"><img decoding=\"async\" alt=\"\" src=\"http:\/\/10.0.0.128\/2010focolare\/layout\/foto2002\/20020702b.jpg\" align=\"Right\" border=\"0\" hspace=\"8\" \/>Esperanza bien expresada por el mensaje de la fundadora de los Focolares, centrado en la \u201c<b>Fraternidad<\/b> y la <b>paz<\/b> para la <b>unidad<\/b> de los pueblos\u201d. Tres palabras que ella defini\u00f3 como \u201ctremendamente actuales, porque despu\u00e9s del fat\u00eddico 11 de septiembre, su absoluta necesidad ha emergido parad\u00f3jicamente de la conciencia de muchos\u201d. Y aqu\u00ed ha hecho un llamado a las \u201ctantas redes ya en acto que unen a los pueblos, a las culturas y las diversidades\u201d gracias a las decenas y decenas de Movimientos y comunidades eclesiales en expansi\u00f3n no s\u00f3lo en Europa, sino en todo el mundo.  Esperanza bien expresada por el mensaje de la fundadora de los Focolares, centrado en la \u201cFraternidad y la paz para la unidad de los pueblos\u201d. Tres palabras que ella defini\u00f3 como \u201ctremendamente actuales, porque despu\u00e9s del fat\u00eddico 11 de septiembre, su absoluta necesidad ha emergido parad\u00f3jicamente de la conciencia de muchos\u201d. Y aqu\u00ed ha hecho un llamado a las \u201ctantas redes ya en acto que unen a los pueblos, a las culturas y las diversidades\u201d gracias a las decenas y decenas de Movimientos y comunidades eclesiales en expansi\u00f3n no s\u00f3lo en Europa, sino en todo el mundo.<\/p>\n<p align=\"justify\"><img decoding=\"async\" alt=\"\" src=\"http:\/\/10.0.0.128\/2010focolare\/layout\/foto2002\/20020702e.jpg\" align=\"Left\" border=\"0\" hspace=\"8\" \/>Chiara da un ejemplo concreto: el \u201cMovimiento de la unidad\u201d, emanaci\u00f3n de los Focolares, surgido en 1996, formado por pol\u00edticos que asumen la fraternidad como categor\u00eda pol\u00edtica. \u201cNo se trata de un nuevo partido, sino de un Movimiento que es portador de una cultura y de una praxis pol\u00edtica nueva\u201d, que hace posible, por ejemplo, el di\u00e1logo entre la mayor\u00eda y la oposici\u00f3n. \u201cQuien est\u00e1 en el gobierno, reconoce los aportes positivos de la oposici\u00f3n y favorece su papel de contralor. La oposici\u00f3n es conducida a trav\u00e9s de una cr\u00edtica constructiva que no intenta obstaculizar la acci\u00f3n del gobierno, sino corregirlo para mejorarlo. As\u00ed se favorece la b\u00fasqueda de la soluci\u00f3n mejor para la comunidad, la cual se garantiza plenamente s\u00f3lo si gobierno y oposici\u00f3n ejercitan ambos del mejor modo su propio papel\u201d. Y habl\u00f3 de \u201cresultados pol\u00edticos de relieve\u201d como \u201centre fracciones opuestas en Irlanda del Norte\u201d.  Yendo a la ra\u00edz de las causas del terrorismo, que se han profundizado en los meses sucesivos a los atentados en los Estados Unidos, ha citado como \u201cfundamental\u201d en desequilibrio existente, en nuestro planeta, entre pa\u00edses ricos y pa\u00edses pobres, un desequilibrio que requiere una mayor comuni\u00f3n de bienes. Imposible \u201chasta que la humanidad no est\u00e9 guiada por un ardiente deseo y un fuerte compromiso de fraternidad universal\u201d.  Seguidamente el Prof. Stefano Zamagni present\u00f3 el proyecto Econom\u00eda de Comuni\u00f3n, lanzado por Chiara Lubich hace 10 a\u00f1os, que inspira la administraci\u00f3n de m\u00e1s de 750 empresas en el mundo, definido por \u00e9l como \u201cun nuevo paradigma econ\u00f3mico\u201d. Sigui\u00f3 la presentaci\u00f3n del proyecto del Pol\u00edgono empresarial, que pr\u00f3ximamente se realizar\u00e1 en las cercan\u00edas de la ciudadela de Loppiano.<\/p>\n","protected":false},"excerpt":{"rendered":"<p>Rimini \u2013 Entrecruce de culturas<\/p>\n","protected":false},"author":34,"featured_media":0,"comment_status":"open","ping_status":"open","sticky":false,"template":"","format":"standard","meta":{"give_campaign_id":0,"_seopress_robots_primary_cat":"","_seopress_titles_title":"","_seopress_titles_desc":"","_seopress_robots_index":"","_et_pb_use_builder":"","_et_pb_old_content":"","_et_gb_content_width":"","footnotes":""},"categories":[46],"tags":[],"class_list":["post-293362","post","type-post","status-publish","format-standard","hentry","category-sin-categorizar"],"_links":{"self":[{"href":"https:\/\/www.focolare.org\/es\/wp-json\/wp\/v2\/posts\/293362","targetHints":{"allow":["GET"]}}],"collection":[{"href":"https:\/\/www.focolare.org\/es\/wp-json\/wp\/v2\/posts"}],"about":[{"href":"https:\/\/www.focolare.org\/es\/wp-json\/wp\/v2\/types\/post"}],"author":[{"embeddable":true,"href":"https:\/\/www.focolare.org\/es\/wp-json\/wp\/v2\/users\/34"}],"replies":[{"embeddable":true,"href":"https:\/\/www.focolare.org\/es\/wp-json\/wp\/v2\/comments?post=293362"}],"version-history":[{"count":0,"href":"https:\/\/www.focolare.org\/es\/wp-json\/wp\/v2\/posts\/293362\/revisions"}],"wp:attachment":[{"href":"https:\/\/www.focolare.org\/es\/wp-json\/wp\/v2\/media?parent=293362"}],"wp:term":[{"taxonomy":"category","embeddable":true,"href":"https:\/\/www.focolare.org\/es\/wp-json\/wp\/v2\/categories?post=293362"},{"taxonomy":"post_tag","embeddable":true,"href":"https:\/\/www.focolare.org\/es\/wp-json\/wp\/v2\/tags?post=293362"}],"curies":[{"name":"wp","href":"https:\/\/api.w.org\/{rel}","templated":true}]}}