{"id":293382,"date":"2002-10-14T22:00:00","date_gmt":"2002-10-14T20:00:00","guid":{"rendered":"https:\/\/www.focolare.org\/de-todo-el-mundo-los-responsables-del-movimiento-de-los-focolares-reunidos-en-castelgandolfo\/"},"modified":"2024-05-13T20:46:07","modified_gmt":"2024-05-13T18:46:07","slug":"de-todo-el-mundo-los-responsables-del-movimiento-de-los-focolares-reunidos-en-castelgandolfo","status":"publish","type":"post","link":"https:\/\/www.focolare.org\/es\/de-todo-el-mundo-los-responsables-del-movimiento-de-los-focolares-reunidos-en-castelgandolfo\/","title":{"rendered":"De todo el mundo, los responsables del Movimiento de los Focolares, reunidos en Castelgandolfo"},"content":{"rendered":"<p><span class=\"Testi\"><i>Una primera fase<\/i> de la asamblea fue dedicada a una profundizaci\u00f3n en los desarrollos del Movimiento, difundido actualmente en 182 naciones, especialmente en los frentes de la comuni\u00f3n entre <i>nuevos y antiguos carismas dentro de la Iglesia cat\u00f3lica, con cristianos de 350 Iglesias y comunidades eclesiales<\/i>, y de las relaciones fraternas establecidas con <i>individuos y Movimientos de otras religiones<\/i> entre ellos jud\u00edos, musulmanes, ind\u00faes y budistas y con <i>personas de convicciones no religiosas<\/i>, involucrados en el \u00fanico objetivo, espec\u00edfico del Movimiento de los Focolares, de contribuir a recomponer en unidad, en la fraternidad, la familia humana.  La <i>segunda fase<\/i> de la asamblea fue dedicada a algunos d\u00edas de retiro y a las votaciones. Momento culminante, <b>la audiencia con el Papa que entreg\u00f3 a Chiara Lubich un atendido mensaje<\/b>. Junto a Chiara Lubich se acercaron a saludar al Papa dos representantes del Consejo General.  La Asamblea general del Movimiento de los Focolares reune cada seis a\u00f1os a los responsables a nivel central, de las 22 ramas \u2013 comprendido el mundo de los jovenes y chicos, de las familias, de los sacerdotes y religiosos, obispos, los distintos \u00e1mbitos de la sociedad (econom\u00eda, pol\u00edtica, cultura, comunicaciones, educaci\u00f3n, arte, sanidad), las comunidades parroquiales y diocesanas \u2013 y a los responsables de las 72 zonas territoriales de los 5 continentes donde est\u00e1 difundido el Movimiento. La Asamblea se convoca para proceder a la elecci\u00f3n de la Presidente, del Co-presidente vicario y de los Consejeros generales. Asisten, en calidad de observadores, diez focolarinas y focolarinos de las Iglesias: ortodoxa de Rumania, de Antioqu\u00eda, sirio-ortodoxa, anglicana, evang\u00e9lica-luterana y reformada de Holanda y Suiza.<\/span>  &nbsp;<\/p>\n","protected":false},"excerpt":{"rendered":"<p>Third General Assembly<\/p>\n","protected":false},"author":34,"featured_media":0,"comment_status":"open","ping_status":"open","sticky":false,"template":"","format":"standard","meta":{"give_campaign_id":0,"_seopress_robots_primary_cat":"","_seopress_titles_title":"","_seopress_titles_desc":"","_seopress_robots_index":"","_et_pb_use_builder":"","_et_pb_old_content":"","_et_gb_content_width":"","footnotes":""},"categories":[46],"tags":[],"class_list":["post-293382","post","type-post","status-publish","format-standard","hentry","category-sin-categorizar"],"_links":{"self":[{"href":"https:\/\/www.focolare.org\/es\/wp-json\/wp\/v2\/posts\/293382","targetHints":{"allow":["GET"]}}],"collection":[{"href":"https:\/\/www.focolare.org\/es\/wp-json\/wp\/v2\/posts"}],"about":[{"href":"https:\/\/www.focolare.org\/es\/wp-json\/wp\/v2\/types\/post"}],"author":[{"embeddable":true,"href":"https:\/\/www.focolare.org\/es\/wp-json\/wp\/v2\/users\/34"}],"replies":[{"embeddable":true,"href":"https:\/\/www.focolare.org\/es\/wp-json\/wp\/v2\/comments?post=293382"}],"version-history":[{"count":0,"href":"https:\/\/www.focolare.org\/es\/wp-json\/wp\/v2\/posts\/293382\/revisions"}],"wp:attachment":[{"href":"https:\/\/www.focolare.org\/es\/wp-json\/wp\/v2\/media?parent=293382"}],"wp:term":[{"taxonomy":"category","embeddable":true,"href":"https:\/\/www.focolare.org\/es\/wp-json\/wp\/v2\/categories?post=293382"},{"taxonomy":"post_tag","embeddable":true,"href":"https:\/\/www.focolare.org\/es\/wp-json\/wp\/v2\/tags?post=293382"}],"curies":[{"name":"wp","href":"https:\/\/api.w.org\/{rel}","templated":true}]}}