{"id":293386,"date":"2010-10-05T22:00:00","date_gmt":"2010-10-05T20:00:00","guid":{"rendered":"https:\/\/www.focolare.org\/se-reunen-en-roma-los-delegados-de-los-focolares-de-todo-el-mundo\/"},"modified":"2024-05-13T20:46:08","modified_gmt":"2024-05-13T18:46:08","slug":"se-reunen-en-roma-los-delegados-de-los-focolares-de-todo-el-mundo","status":"publish","type":"post","link":"https:\/\/www.focolare.org\/es\/se-reunen-en-roma-los-delegados-de-los-focolares-de-todo-el-mundo\/","title":{"rendered":"Se re\u00fanen en Roma los Delegados de los Focolares de todo el mundo"},"content":{"rendered":"<p><p><strong>Con el extraordinario evento de la beatificaci\u00f3n de Chiara Luce Badano, <\/strong>primera  joven de los Focolares que llega a los altares, realizada el s\u00e1bado 25  de septiembre, se inaugur\u00f3 el encuentro anual de los delegados de los  Focolares en todo el mundo. Es dif\u00edcil imaginar un inicio mejor para los  acostumbrados tres primeros d\u00edas de retiro espiritual de los delegados  provenientes de 78 pa\u00edses en representaci\u00f3n de las 182 naciones en las  cuales est\u00e1 presente el Movimiento. En total son 345 los participantes.<\/p>\n<p><img loading=\"lazy\" decoding=\"async\" class=\"alignleft\" style=\"border: 0pt none;margin: 10px\" src=\"https:\/\/www.focolare.org\/wp-content\/uploads\/layout\/edit\/foto\/foto2010\/101006-01.jpg\" alt=\"\" width=\"200\" height=\"160\" \/><\/p>\n<p><strong>La presidente, Mar\u00eda Voce empez\u00f3 diciendo: \u201cQuisi\u00e9ramos retirarnos con Jes\u00fas, juntos, para dar un nuevo paso hacia la santidad\u201d.<\/strong> Su intervenci\u00f3n inicial fue una reflexi\u00f3n sobre la Voluntad de Dios,  segundo punto de la \u201cespiritualidad de la unidad\u201d, elegido para ser  profundizado y puesto en pr\u00e1ctica en todo el Movimiento durante este  a\u00f1o.<\/p>\n<p><strong>Son dos las indicaciones para actuar este a\u00f1o:<\/strong> la tensi\u00f3n a la santidad, subrayada el pasado 23 de abril por Benedicto  XVI en un augurio a los miembros del Movimiento, cuando Mar\u00eda Voce fue  recibida por el Santo Padre; y la Unidad para \u201ccontribuir a la  realizaci\u00f3n de la oraci\u00f3n de Jes\u00fas al Padre: \u2018Que todos sean uno\u2019 (cfr.  Jn. 17,21)\u201d, apuntando a la fraternidad universal.<\/p>\n<p><img loading=\"lazy\" decoding=\"async\" class=\"alignright\" style=\"width: 200px;height: 168px;border: 0pt none;margin: 10px\" src=\"https:\/\/www.focolare.org\/wp-content\/uploads\/layout\/edit\/foto\/foto2010\/101004-02.jpg\" alt=\"\" width=\"237\" height=\"200\" \/><\/p>\n<p><strong>Entre las varias intervenciones, intercaladas con momentos de alegre comuni\u00f3n en la sala o en grupos de profundizaci\u00f3n, <\/strong>est\u00e1  la del fil\u00f3sofo y te\u00f3logo espa\u00f1ol, Prof. Jes\u00fas Mor\u00e1n: \u201cEl s\u00ed del hombre  a Dios: en las ra\u00edces de la existencia\u201d, en el que se pudo entrever  \u201cque la estructura del hombre est\u00e1 hecha para decir s\u00ed a Dios, un s\u00ed que  lo hace plenamente persona\u201d, como dec\u00eda uno de los presentes.<\/p>\n<p><strong>El mismo argumento fue afrontado por la soci\u00f3loga brasile\u00f1a Vera Araujo,<\/strong> en sus repercusiones sociales. La soci\u00f3loga identific\u00f3 \u201clos lugares donde se manifiesta la Voluntad de Dios: en la vida cotidiana,  profesional, en los signos de los tiempos\u201d, entre otros. Y puso en  evidencia la importancia de vivificar con el amor del Evangelio todas  las instituciones, \u201cporque a trav\u00e9s de \u00e9stas es posible extender la red  de relaciones realmente humanas\u201d.<br \/> <img loading=\"lazy\" decoding=\"async\" class=\"alignright\" style=\"border: 0pt none;margin: 10px\" src=\"https:\/\/www.focolare.org\/wp-content\/uploads\/layout\/edit\/foto\/foto2010\/101004-06.jpg\" alt=\"\" width=\"200\" height=\"160\" \/><\/p>\n<p><strong>El trabajo proseguir\u00e1 hasta el 17 de octubre con un programa rico y variado,<\/strong> con profundizaciones sobre el tema de la formaci\u00f3n, y con argumentos  sobre la vida del Movimiento en el mundo. Una mirada especial al  continente asi\u00e1tico ser\u00e1 ofrecida por sus representantes, en continuidad  con lo vivido al inicio del 2010, con ocasi\u00f3n del viaje de Mar\u00eda Voce y  Giancarlo Faletti a Corea, Jap\u00f3n, Filipinas, Tailandia, Paquist\u00e1n.\u00a0 (<a href=\"http:\/\/www.focolareasiatour.it\/\">http:\/\/www.focolareasiatour.it<\/a>\/)<\/p>\n<p><em>Foto a cargo de Thomas Klann:<\/em><\/p>\n<p>&#8211; los delegados en el Centro del Movimiento, Rocca di Papa<\/p>\n<p>&#8211; el prof. Jes\u00fas Mor\u00e1n<\/p>\n<p>&#8211; la soci\u00f3loga Vera Araujo<\/p>\n<p>&#8211; Maria Voce en un momento de pausa<\/p><\/p>\n","protected":false},"excerpt":{"rendered":"<p>The yearly gathering of delegates from the Focolare takes place in Rome following the beatification of the young Chiara Badano.<\/p>\n","protected":false},"author":34,"featured_media":0,"comment_status":"open","ping_status":"open","sticky":false,"template":"","format":"standard","meta":{"give_campaign_id":0,"_seopress_robots_primary_cat":"","_seopress_titles_title":"","_seopress_titles_desc":"","_seopress_robots_index":"","_et_pb_use_builder":"","_et_pb_old_content":"","_et_gb_content_width":"","footnotes":""},"categories":[46],"tags":[],"class_list":["post-293386","post","type-post","status-publish","format-standard","hentry","category-sin-categorizar"],"_links":{"self":[{"href":"https:\/\/www.focolare.org\/es\/wp-json\/wp\/v2\/posts\/293386","targetHints":{"allow":["GET"]}}],"collection":[{"href":"https:\/\/www.focolare.org\/es\/wp-json\/wp\/v2\/posts"}],"about":[{"href":"https:\/\/www.focolare.org\/es\/wp-json\/wp\/v2\/types\/post"}],"author":[{"embeddable":true,"href":"https:\/\/www.focolare.org\/es\/wp-json\/wp\/v2\/users\/34"}],"replies":[{"embeddable":true,"href":"https:\/\/www.focolare.org\/es\/wp-json\/wp\/v2\/comments?post=293386"}],"version-history":[{"count":0,"href":"https:\/\/www.focolare.org\/es\/wp-json\/wp\/v2\/posts\/293386\/revisions"}],"wp:attachment":[{"href":"https:\/\/www.focolare.org\/es\/wp-json\/wp\/v2\/media?parent=293386"}],"wp:term":[{"taxonomy":"category","embeddable":true,"href":"https:\/\/www.focolare.org\/es\/wp-json\/wp\/v2\/categories?post=293386"},{"taxonomy":"post_tag","embeddable":true,"href":"https:\/\/www.focolare.org\/es\/wp-json\/wp\/v2\/tags?post=293386"}],"curies":[{"name":"wp","href":"https:\/\/api.w.org\/{rel}","templated":true}]}}