{"id":293388,"date":"2010-09-29T22:00:00","date_gmt":"2010-09-29T20:00:00","guid":{"rendered":"https:\/\/www.focolare.org\/los-padres-de-chiara-badano-en-audiencia-con-benedicto-xvi\/"},"modified":"2024-05-13T20:46:08","modified_gmt":"2024-05-13T18:46:08","slug":"los-padres-de-chiara-badano-en-audiencia-con-benedicto-xvi","status":"publish","type":"post","link":"https:\/\/www.focolare.org\/es\/los-padres-de-chiara-badano-en-audiencia-con-benedicto-xvi\/","title":{"rendered":"Los padres de Chiara Badano en audiencia con Benedicto XVI"},"content":{"rendered":"<p><p><strong><img loading=\"lazy\" decoding=\"async\" src=\"https:\/\/www.focolare.org\/wp-content\/uploads\/layout\/edit\/foto\/foto2010\/100930-01.jpg\" alt=\"\" hspace=\"5\" vspace=\"5\" width=\"301\" height=\"200\" align=\"right\" \/>Los padres de Chiara Badano fueron donde el Papa para agradecerle por la <a href=\"https:\/\/www.focolare.org\/articolo.php?codart=7741&amp;lingua=ES\">beatificaci\u00f3n de la hija,<\/a><\/strong> que tuvo lugar el s\u00e1bado en Roma. Pero fue el Papa quien, al finalizar la audiencia, les agradeci\u00f3 por haber hecho posible el testimonio de Chiara.<\/p>\n<p><strong>\u00abEstamos contemplando y palpando las maravillas del amor de Dios<\/strong> \u2013dicen Mar\u00eda Teresa y Ruggero Badano- sorprendidos de que haya elegido dos pobres personas como nosotros para participar de la contagiosa experiencia cristiana de nuestra \u00fanica hija\u201d. El 16 de octubre festajar\u00e1n cincuenta a\u00f1os de matrimonio.<\/p>\n<p><strong>\u201cA Chiara \u2013recuerdan- la esperamos mucho tiempo cuando no logr\u00e1bamos tener hijos; <\/strong>con ella sufrimos por la enfermedad y por su muerte, pero ahora estamos con ella m\u00e1s que nunca en la alegr\u00eda por la beatificaci\u00f3n\u201d.  La familia Badano le regal\u00f3 al Papa una tarjeta escrita por Chiara en donde le pide a la Virgen tener \u201cla fuerza necesaria para no aflojar nunca\u201d. En la audiencia estaban presentes el obispo em\u00e9rito de Aqui, la postuladora y Mar\u00eda Voce, presidente del Movimiento de los Focolares, con seiscientos j\u00f3venes venidos de 42 pa\u00edses para la beatificaci\u00f3n.<\/p>\n<p><em>Fuente: L\u2019Osservatore Romano, 30 d septiembre de 2010 <\/em><\/p><\/p>\n","protected":false},"excerpt":{"rendered":"<p>Estuvieron presentes Mons. Maritano, Mons. Micchiardi, Maria Voce y 600 j\u00f3venes de todo el mundo que vinieron para la beatificaci\u00f3n y se quedaron en Italia, tras la estela luminosa de Chiara Luce.<\/p>\n","protected":false},"author":34,"featured_media":0,"comment_status":"open","ping_status":"open","sticky":false,"template":"","format":"standard","meta":{"give_campaign_id":0,"_seopress_robots_primary_cat":"","_seopress_titles_title":"","_seopress_titles_desc":"","_seopress_robots_index":"","_et_pb_use_builder":"","_et_pb_old_content":"","_et_gb_content_width":"","footnotes":""},"categories":[46],"tags":[],"class_list":["post-293388","post","type-post","status-publish","format-standard","hentry","category-sin-categorizar"],"_links":{"self":[{"href":"https:\/\/www.focolare.org\/es\/wp-json\/wp\/v2\/posts\/293388","targetHints":{"allow":["GET"]}}],"collection":[{"href":"https:\/\/www.focolare.org\/es\/wp-json\/wp\/v2\/posts"}],"about":[{"href":"https:\/\/www.focolare.org\/es\/wp-json\/wp\/v2\/types\/post"}],"author":[{"embeddable":true,"href":"https:\/\/www.focolare.org\/es\/wp-json\/wp\/v2\/users\/34"}],"replies":[{"embeddable":true,"href":"https:\/\/www.focolare.org\/es\/wp-json\/wp\/v2\/comments?post=293388"}],"version-history":[{"count":0,"href":"https:\/\/www.focolare.org\/es\/wp-json\/wp\/v2\/posts\/293388\/revisions"}],"wp:attachment":[{"href":"https:\/\/www.focolare.org\/es\/wp-json\/wp\/v2\/media?parent=293388"}],"wp:term":[{"taxonomy":"category","embeddable":true,"href":"https:\/\/www.focolare.org\/es\/wp-json\/wp\/v2\/categories?post=293388"},{"taxonomy":"post_tag","embeddable":true,"href":"https:\/\/www.focolare.org\/es\/wp-json\/wp\/v2\/tags?post=293388"}],"curies":[{"name":"wp","href":"https:\/\/api.w.org\/{rel}","templated":true}]}}