{"id":293456,"date":"2002-10-26T23:00:00","date_gmt":"2002-10-26T21:00:00","guid":{"rendered":"https:\/\/www.focolare.org\/la-radicalidad-del-amor-para-renovar-las-iglesias-y-responder-a-la-situacion-mundial-actual\/"},"modified":"2024-05-13T20:46:16","modified_gmt":"2024-05-13T18:46:16","slug":"la-radicalidad-del-amor-para-renovar-las-iglesias-y-responder-a-la-situacion-mundial-actual","status":"publish","type":"post","link":"https:\/\/www.focolare.org\/es\/la-radicalidad-del-amor-para-renovar-las-iglesias-y-responder-a-la-situacion-mundial-actual\/","title":{"rendered":"La radicalidad del amor para renovar las Iglesias y responder a la situaci\u00f3n mundial actual"},"content":{"rendered":"<p>Un testimonio ecum\u00e9nico sorprendente y rico de esperanza en la ciudad de Calvino: fue la expresi\u00f3n de el m\u00e1s importante peri\u00f3dico de Ginebra que presentaba ayer la celebraci\u00f3n ecum\u00e9nica de esta ma\u00f1ana, que tuvo lugar en el marco solemne y austero de la antigua Catedral de San Pedro de Ginebra, centro de irradiaci\u00f3n de la Reforma protestante.  Y as\u00ed fue. La Catedral repleta con m\u00e1s de mil quinientas personas; en el centro de la Mesa de la Santa Cena, al lado del Presidente de la Iglesia protestante de Ginebra, una mujer cat\u00f3lica: Chiara Lubich. \u201cNosotros, hoy \u2013dijo el Pastor protestante Joel Stroudinsky delante de obispos de varias Iglesias y de diversos Pa\u00edses, representantes de organismos ecum\u00e9nicos, entre los cuales el cardenal Miloslav Vlk- debemos ser testigos de la pasi\u00f3n del Evangelio, de la fuerza de la Palabra que transforma el mundo en sus m\u00faltiples aspectos: social, econ\u00f3mico y pol\u00edtico\u201d. Y aqu\u00ed, presentando a Chiara Lubich, habl\u00f3 de su potente testimonio, de la acci\u00f3n del Esp\u00edritu de Dios en el mundo. \u201cLa acogemos hoy \u2013dijo- en esta comuni\u00f3n especial, que nace de la com\u00fan pasi\u00f3n por el Evangelio\u201d.  La palabra de Chiara se injert\u00f3 en el culto dominical, en un clima de intensa oraci\u00f3n. Era el misterio del amor, t\u00edpico de la vocaci\u00f3n de la mujer, que resaltaba en su fuerte mensaje. Chiara empez\u00f3 su discurso haciendo referencia a una importante festividad de esta Iglesia: que se celebra el 3 de noviembre, la fiesta misma de la Reforma. \u201cRecuerda a todas las Iglesias \u2013dijo- la urgencia de esa continua reforma auspiciada por el Concilio\u201d. Y aqu\u00ed habl\u00f3 de la acci\u00f3n del Esp\u00edritu que a lo largo de la historia ha suscitado siempre nuevas corrientes espirituales para hacer renacer un vida evang\u00e9lica radical, hasta hoy, con el florecimiento de nuevos carismas.  Refiri\u00e9ndose a temas de candente actualidad precisamente en estos momentos, como la opresi\u00f3n de los pueblos, la pobreza y el terrorismo, lanz\u00f3 un fuerte llamado a la radicalidad de ese amor que sabe dar la vida y suscita la reciprocidad. \u201cS\u00f3lo este testimonio entre las Iglesias nos hace visibles \u2013dijo- y portadores de ese amor del cual el mundo tiene necesidad. Es \u00e9sta -concluy\u00f3- la reforma de las reformas que el Cielo nos pide; lo repite y lo grita con las presentes circunstancias que permite\u201d.  Servicio de la Radio Vaticana<\/p>\n","protected":false},"excerpt":{"rendered":"<p>Ecumenism \u2013 Switzerland<\/p>\n","protected":false},"author":34,"featured_media":0,"comment_status":"open","ping_status":"open","sticky":false,"template":"","format":"standard","meta":{"give_campaign_id":0,"_seopress_robots_primary_cat":"","_seopress_titles_title":"","_seopress_titles_desc":"","_seopress_robots_index":"","_et_pb_use_builder":"","_et_pb_old_content":"","_et_gb_content_width":"","footnotes":""},"categories":[904],"tags":[],"class_list":["post-293456","post","type-post","status-publish","format-standard","hentry","category-focolare-worldwide-2-2"],"_links":{"self":[{"href":"https:\/\/www.focolare.org\/es\/wp-json\/wp\/v2\/posts\/293456","targetHints":{"allow":["GET"]}}],"collection":[{"href":"https:\/\/www.focolare.org\/es\/wp-json\/wp\/v2\/posts"}],"about":[{"href":"https:\/\/www.focolare.org\/es\/wp-json\/wp\/v2\/types\/post"}],"author":[{"embeddable":true,"href":"https:\/\/www.focolare.org\/es\/wp-json\/wp\/v2\/users\/34"}],"replies":[{"embeddable":true,"href":"https:\/\/www.focolare.org\/es\/wp-json\/wp\/v2\/comments?post=293456"}],"version-history":[{"count":0,"href":"https:\/\/www.focolare.org\/es\/wp-json\/wp\/v2\/posts\/293456\/revisions"}],"wp:attachment":[{"href":"https:\/\/www.focolare.org\/es\/wp-json\/wp\/v2\/media?parent=293456"}],"wp:term":[{"taxonomy":"category","embeddable":true,"href":"https:\/\/www.focolare.org\/es\/wp-json\/wp\/v2\/categories?post=293456"},{"taxonomy":"post_tag","embeddable":true,"href":"https:\/\/www.focolare.org\/es\/wp-json\/wp\/v2\/tags?post=293456"}],"curies":[{"name":"wp","href":"https:\/\/api.w.org\/{rel}","templated":true}]}}