{"id":293458,"date":"2002-10-27T23:00:00","date_gmt":"2002-10-27T22:00:00","guid":{"rendered":"https:\/\/www.focolare.org\/itil-mistero-di-ges-crocefisso-e-abbandonato-chiave-per-lunit-tra-le-chieseenthe-mystery-of-jesus-crucified-and-forsaken-key-to-unity-among-the-churches\/"},"modified":"2024-05-13T20:46:16","modified_gmt":"2024-05-13T18:46:16","slug":"itil-mistero-di-ges-crocefisso-e-abbandonato-chiave-per-lunit-tra-le-chieseenthe-mystery-of-jesus-crucified-and-forsaken-key-to-unity-among-the-churches","status":"publish","type":"post","link":"https:\/\/www.focolare.org\/es\/itil-mistero-di-ges-crocefisso-e-abbandonato-chiave-per-lunit-tra-le-chieseenthe-mystery-of-jesus-crucified-and-forsaken-key-to-unity-among-the-churches\/","title":{"rendered":"[:it]Il mistero di Ges&ugrave; crocefisso e abbandonato, chiave per l&rsquo;unit&agrave; tra le Chiese[:en]The mystery of Jesus crucified and forsaken key to unity among the Churches"},"content":{"rendered":"<p align=\"justify\"><span class=\"Testi\"><img decoding=\"async\" alt=\"\" src=\"http:\/\/10.0.0.128\/2010focolare\/layout\/foto2002\/20021028a.jpg\" align=\"Left\" border=\"0\" hspace=\"8\" \/><i>\u201cEl esp\u00edritu que anima el Movimiento es en cierto sentido el mismo esp\u00edritu que anima nuestro Consejo, nacido con la intenci\u00f3n de formar una fraternidad de Iglesias\u201d<\/i>, dijo el Secretario General del Consejo ecum\u00e9nico de las Iglesias, el pastor luterano Konrad Raiser, motivando la invitaci\u00f3n a la fundadora del Movimiento de los Focolares a la Sesi\u00f3n Plenaria de los miembros del Consejo. Y agrega: <i>\u201cEs el compromiso de Chiara Lubich y de sus amigos, de traducir la espiritualidad de la unidad en formas nuevas de convivencia, lo que nos acerca, especialmente en un momento en el que el Consejo Ecum\u00e9nico est\u00e1 en b\u00fasqueda de una nueva expresi\u00f3n\u201d<\/i>.<\/span><\/p>\n<p> El encuentro tuvo lugar en el auditorium de la moderna construcci\u00f3n que acoge, en Ginebra, a la mayor organizaci\u00f3n ecum\u00e9nica mundial. Abraza 342 Iglesias, de 157 Pa\u00edses. Cuenta con m\u00e1s de 50 a\u00f1os de vida.  A Chiara Lubich hab\u00edan pedido que hablara del coraz\u00f3n de su carisma, de la \u201cllave\u201d que abre a la unidad: Jes\u00fas crucificado y abandonado. Sus palabras hacen penetrar en el misterio de amor de un Dios que llega a gritar el abandono del Padre, para reunirnos nuevamente con \u00c9l y entre nosotros. Un Dios que asume todos los rostros del dolor, de los traumas de las divisiones, para devolver <i>\u201cal ciego la luz, al desesperado la esperanza, al fracasado la victoria, al separado la unidad\u201d<\/i>. Chiara muestra que en Jes\u00fas abandonado <i>\u201cest\u00e1 tambi\u00e9n \u2018la luz para recomponer la plena comuni\u00f3n visible de la \u00fanica Iglesia de Cristo\u2019\u201d. \u201cPodemos verlo -dice- como \u2018el crucificado ecum\u00e9nico\u2019.\u201d<\/i>  \u201cHe sentido en su discurso \u2013dijo enseguida despu\u00e9s el Pastor Raiser- el eco de una intuici\u00f3n que ha sido el fundamento de la b\u00fasqueda de unidad que hab\u00eda sido fijada como programa desde 1925: \u2018m\u00e1s nos acercamos a la cruz de Cristo, m\u00e1s nos acercamos los unos a los otros. Es bajo la cruz que podemos tender nuestros brazos unos hacia otros\u2019.\u201d En una entrevista el Obispo de Basilea, Kurt Koch, vice-presidente de la Conferencia Episcopal Suiza, da a la crisis del movimiento ecum\u00e9nico una interpretaci\u00f3n positiva: \u201cSe puede hablar de crisis en el sentido que es hora de encontrar nuevos caminos. S\u00f3lo si reconocemos a Jes\u00fas abandonado en este cuerpo desgarrado de Cristo y asumimos este dolor, podremos encontrar nuevos caminos para llegar a la unidad\u201d.  <small>Servicio de la Radio Vaticana<\/small><\/p>\n","protected":false},"excerpt":{"rendered":"<p>Ecumenismo &#8211; Ginebra<\/p>\n","protected":false},"author":34,"featured_media":0,"comment_status":"open","ping_status":"open","sticky":false,"template":"","format":"standard","meta":{"give_campaign_id":0,"_seopress_robots_primary_cat":"","_seopress_titles_title":"","_seopress_titles_desc":"","_seopress_robots_index":"","_et_pb_use_builder":"","_et_pb_old_content":"","_et_gb_content_width":"","footnotes":""},"categories":[904],"tags":[],"class_list":["post-293458","post","type-post","status-publish","format-standard","hentry","category-focolare-worldwide-2-2"],"_links":{"self":[{"href":"https:\/\/www.focolare.org\/es\/wp-json\/wp\/v2\/posts\/293458","targetHints":{"allow":["GET"]}}],"collection":[{"href":"https:\/\/www.focolare.org\/es\/wp-json\/wp\/v2\/posts"}],"about":[{"href":"https:\/\/www.focolare.org\/es\/wp-json\/wp\/v2\/types\/post"}],"author":[{"embeddable":true,"href":"https:\/\/www.focolare.org\/es\/wp-json\/wp\/v2\/users\/34"}],"replies":[{"embeddable":true,"href":"https:\/\/www.focolare.org\/es\/wp-json\/wp\/v2\/comments?post=293458"}],"version-history":[{"count":0,"href":"https:\/\/www.focolare.org\/es\/wp-json\/wp\/v2\/posts\/293458\/revisions"}],"wp:attachment":[{"href":"https:\/\/www.focolare.org\/es\/wp-json\/wp\/v2\/media?parent=293458"}],"wp:term":[{"taxonomy":"category","embeddable":true,"href":"https:\/\/www.focolare.org\/es\/wp-json\/wp\/v2\/categories?post=293458"},{"taxonomy":"post_tag","embeddable":true,"href":"https:\/\/www.focolare.org\/es\/wp-json\/wp\/v2\/tags?post=293458"}],"curies":[{"name":"wp","href":"https:\/\/api.w.org\/{rel}","templated":true}]}}