{"id":293474,"date":"2003-01-19T23:00:00","date_gmt":"2003-01-19T22:00:00","guid":{"rendered":"https:\/\/www.focolare.org\/suscitar-por-doquier-fragmentos-de-fraternidad-por-la-paz-entre-los-pueblos-el-compromiso-de-cristianos-e-hindues\/"},"modified":"2024-05-13T20:46:18","modified_gmt":"2024-05-13T18:46:18","slug":"suscitar-por-doquier-fragmentos-de-fraternidad-por-la-paz-entre-los-pueblos-el-compromiso-de-cristianos-e-hindues","status":"publish","type":"post","link":"https:\/\/www.focolare.org\/es\/suscitar-por-doquier-fragmentos-de-fraternidad-por-la-paz-entre-los-pueblos-el-compromiso-de-cristianos-e-hindues\/","title":{"rendered":"Suscitar por doquier fragmentos de fraternidad por la paz entre los pueblos: el compromiso de cristianos e hind\u00faes"},"content":{"rendered":"<p>&nbsp;  &nbsp; <\/p>\n<p align=\"justify\"><img decoding=\"async\" src=\"http:\/\/10.0.0.128\/2010focolare\/layout\/foto2003\/20030113b.jpg\" alt=\"\" align=\"left\" border=\"0\" hspace=\"8\" \/><strong>Chiara Lubich sali\u00f3 el 4 de enero para un nuevo viaje a India. En programa encuentros de di\u00e1logo con hind\u00fas y miembros de otras religiones, y con la Iglesia local: Obispos, sacerdotes, religiosos, y adherentes a muevos movimientos y comunidades eclesiales.  Etapar previstas: Mumbai (Bombay), Coimbatore (en el Tamil Nadu), Delhi.<\/strong>  <strong>El viaje apunta a consolidar el di\u00e1logo iniciado hace dos a\u00f1os con algunas instituciones gandhianas en el Tamil Nadu y con la Universidad Somaiya de Mumbai, y a profundizar los contactos establecidos con el Movimiento Swadhy\u00e0ya con ocasi\u00f3n de la Jornada de oraci\u00f3n por la paz, de As\u00eds, del 24 de enero de 2002.<\/strong> En especial, en seno a este \u00faltimo, el jueves 16 de enero, en un estadio de Mumbai, encontrar\u00e1 a miles de j\u00f3venes del Movimiento hind\u00fa Swadhy\u00e0ya, difundido en todo el Pa\u00eds.  <\/p>\n<p align=\"justify\"><img decoding=\"async\" src=\"http:\/\/10.0.0.128\/2010focolare\/layout\/foto2003\/20030130b.jpg\" alt=\"\" align=\"right\" border=\"0\" hspace=\"8\" \/><strong>El evento que ha suscitado sorpresa rec\u00edproca por los muchos elementos comunes ha sido el encuentro con la Swadhyaya Family,<\/strong> un vasto movimiento hind\u00fa con m\u00e1s de 8 millones de adherentes, fundado por Shri Pandurang Shastri Athavale, conocido como Dada-ji (maestro, hermano mayor). Ense\u00f1a que Dios reside en cada ser humano y que el cumplimiento de la unidad espiritual llevar\u00e1 a la soluci\u00f3n de los problemas mundiales. El primer contacto tuvo lugar precisamente con ocasi\u00f3n de la Jornada de la paz de As\u00eds, en la que tomaron la palabra s\u00f3lo dos mujeres: Didi Talwakar, hija y heredera espiritual del fundador de la Swadhyaya Family y Chiara Lubich. En el primer encuentro, que tuvo lugar en Rocca di Papa, fue com\u00fan el descubrimiento de la sinton\u00eda entre el esp\u00edritu de la Swadhyaya Family y del Movimiento de los Focolares. Y esto les hizo experimentar una profunda fraternidad.  <strong>En Mumbai\/Bombay se registraron otros dos importantes encuentros<\/strong> que han se\u00f1alado una profundizaci\u00f3n en el di\u00e1logo iniciado hace dos a\u00f1os, cuando Chiara Lubich realiz\u00f3 su primer viaje a India: <strong>en el Somaiya College, <\/strong>instituto a nivel universitario con 25.000 estudiantes y m\u00e1s de 30 facultades y departamentos, <strong>una de las instituciones hind\u00faes m\u00e1s comprometidas en el di\u00e1logo interreligioso;<\/strong> y en el <strong>Bharatiya Vidya Bhavan,<\/strong> centro cultural parauniversitario que cuenta con un centenar de sedes en India y quince en el extranjero, <strong>nacido para el redescubrimiento de las ra\u00edces de la cultura hind\u00fa y para su desarrollo.<\/strong> Un organismo del que hacen parte hind\u00faes, musulmanes, cristianos, zoroastrianos y budistas.  Chiara lleg\u00f3 a India el 4 de enero. <strong>El primer encuentro lo tuvo con el Cardenal Dias, arzobispo de Mumbai y con su predecesor el Cardenal Simon Pimenta,<\/strong> para iniciar su viaje en plena comuni\u00f3n con la Iglesia local. El Cardenal Dias la hab\u00eda invitado tambi\u00e9n a llevar su carisma de unidad al clero, seminaristas, religiosos, y religiosas de la di\u00f3cesis, con quieres Chiara se encontr\u00f3 el 9 de enero; y a participar, el 12 de enero, en el 3\ufffd Encuentro de los Movimientos Eclesiales que han emprendido un camino de comuni\u00f3n: estaban presentes m\u00e1s de 3500 personas, de 16 Movimientos y asociaciones. <strong>Chiara Lubich acaba de regresar de India,<\/strong> mientras que sus colaboradores han viajado a Coimbatore, en el Tamil Nadu, y proseguir\u00e1n despu\u00e9s para Delhi. All\u00ed les espera un denso programa de encuentros con el mundo hind\u00fa y con las iglesias locales. <em>(27-01-2003) <\/em><\/p>\n","protected":false},"excerpt":{"rendered":"<p>Chiara Lubich en India<\/p>\n","protected":false},"author":34,"featured_media":0,"comment_status":"open","ping_status":"open","sticky":false,"template":"","format":"standard","meta":{"give_campaign_id":0,"_seopress_robots_primary_cat":"","_seopress_titles_title":"","_seopress_titles_desc":"","_seopress_robots_index":"","_et_pb_use_builder":"","_et_pb_old_content":"","_et_gb_content_width":"","footnotes":""},"categories":[46],"tags":[],"class_list":["post-293474","post","type-post","status-publish","format-standard","hentry","category-sin-categorizar"],"_links":{"self":[{"href":"https:\/\/www.focolare.org\/es\/wp-json\/wp\/v2\/posts\/293474","targetHints":{"allow":["GET"]}}],"collection":[{"href":"https:\/\/www.focolare.org\/es\/wp-json\/wp\/v2\/posts"}],"about":[{"href":"https:\/\/www.focolare.org\/es\/wp-json\/wp\/v2\/types\/post"}],"author":[{"embeddable":true,"href":"https:\/\/www.focolare.org\/es\/wp-json\/wp\/v2\/users\/34"}],"replies":[{"embeddable":true,"href":"https:\/\/www.focolare.org\/es\/wp-json\/wp\/v2\/comments?post=293474"}],"version-history":[{"count":0,"href":"https:\/\/www.focolare.org\/es\/wp-json\/wp\/v2\/posts\/293474\/revisions"}],"wp:attachment":[{"href":"https:\/\/www.focolare.org\/es\/wp-json\/wp\/v2\/media?parent=293474"}],"wp:term":[{"taxonomy":"category","embeddable":true,"href":"https:\/\/www.focolare.org\/es\/wp-json\/wp\/v2\/categories?post=293474"},{"taxonomy":"post_tag","embeddable":true,"href":"https:\/\/www.focolare.org\/es\/wp-json\/wp\/v2\/tags?post=293474"}],"curies":[{"name":"wp","href":"https:\/\/api.w.org\/{rel}","templated":true}]}}