{"id":293482,"date":"2003-02-07T21:00:00","date_gmt":"2003-02-07T20:00:00","guid":{"rendered":"https:\/\/www.focolare.org\/no-habia-lugar-para-otro-hijo-pero-el-amor-va-mas-alla\/"},"modified":"2024-05-13T20:46:19","modified_gmt":"2024-05-13T18:46:19","slug":"no-habia-lugar-para-otro-hijo-pero-el-amor-va-mas-alla","status":"publish","type":"post","link":"https:\/\/www.focolare.org\/es\/no-habia-lugar-para-otro-hijo-pero-el-amor-va-mas-alla\/","title":{"rendered":"No hab\u00eda lugar para otro hijo\u2026 pero el amor va m\u00e1s all\u00e1"},"content":{"rendered":"<p>\u00a0Vivo en R\u00edo Grande, una ciudad del Estado de R\u00edo Grande do Sud, y estoy casada desde hace 25 a\u00f1os. Cuando qued\u00e9 embarazada de la cuarta hija, ten\u00edamos una peque\u00f1a casa que no ten\u00eda espacio para otra camita. Sent\u00eda una gran aprensi\u00f3n y temor por el futuro, tambi\u00e9n porque nuestra situaci\u00f3n econ\u00f3mica era muy precaria. Pero no pod\u00eda dejar de escuchar \u201caquella voz\u201d que sent\u00eda en lo m\u00e1s \u00edntimo: me dec\u00eda que no me inquietara, que lanzara toda preocupaci\u00f3n en el coraz\u00f3n del Padre, es m\u00e1s que me dejara llevar de la mano y guiar por \u00c9l como un ni\u00f1o que se abandona en sus brazos.<br \/> Con mi esposo, recordando el Evangelio donde Jes\u00fas dice que todo lo que pidamos unidos al Padre en Su nombre \u00c9l lo concede, lo hicimos.<br \/> Algunos d\u00edas despu\u00e9s, una vecina, que hab\u00eda sabido de mi embarazo, lleg\u00f3 tray\u00e9ndome el ajuar de una de sus sobrinas e incluso la cuna y el colch\u00f3n. Era la respuesta.<br \/> Seguidamente, permaneciendo fieles a Su voluntad y sabiendo soportar con paciencia la desaprobaci\u00f3n de nuestros familiares y amigos por cada ni\u00f1o que nac\u00eda, hemos siempre experimentado la paternidad de Dios, que de mil modos ha prove\u00eddo a nuestras necesidades. Fue as\u00ed tanto para el nacimiento de los otros tres hijos, como para la reestructuraci\u00f3n de nuestra casa\u2026 Hoy d\u00eda los hijos m\u00e1s grandes han empezado a trabajar y verdaderamente nunca nos ha faltado nada.<\/p>\n<p>L.F. \u2013 R\u00edo Grande (Brasil)<\/p>\n<p><strong>De \u201cI Fioretti di Chiara e dei Focolari\u201d \u2013 San Paolo Editrice<\/strong><\/p>\n","protected":false},"excerpt":{"rendered":"<p>Experiencias<\/p>\n","protected":false},"author":34,"featured_media":0,"comment_status":"open","ping_status":"open","sticky":false,"template":"","format":"standard","meta":{"give_campaign_id":0,"_seopress_robots_primary_cat":"","_seopress_titles_title":"","_seopress_titles_desc":"","_seopress_robots_index":"","_et_pb_use_builder":"","_et_pb_old_content":"","_et_gb_content_width":"","footnotes":""},"categories":[46],"tags":[],"class_list":["post-293482","post","type-post","status-publish","format-standard","hentry","category-sin-categorizar"],"_links":{"self":[{"href":"https:\/\/www.focolare.org\/es\/wp-json\/wp\/v2\/posts\/293482","targetHints":{"allow":["GET"]}}],"collection":[{"href":"https:\/\/www.focolare.org\/es\/wp-json\/wp\/v2\/posts"}],"about":[{"href":"https:\/\/www.focolare.org\/es\/wp-json\/wp\/v2\/types\/post"}],"author":[{"embeddable":true,"href":"https:\/\/www.focolare.org\/es\/wp-json\/wp\/v2\/users\/34"}],"replies":[{"embeddable":true,"href":"https:\/\/www.focolare.org\/es\/wp-json\/wp\/v2\/comments?post=293482"}],"version-history":[{"count":0,"href":"https:\/\/www.focolare.org\/es\/wp-json\/wp\/v2\/posts\/293482\/revisions"}],"wp:attachment":[{"href":"https:\/\/www.focolare.org\/es\/wp-json\/wp\/v2\/media?parent=293482"}],"wp:term":[{"taxonomy":"category","embeddable":true,"href":"https:\/\/www.focolare.org\/es\/wp-json\/wp\/v2\/categories?post=293482"},{"taxonomy":"post_tag","embeddable":true,"href":"https:\/\/www.focolare.org\/es\/wp-json\/wp\/v2\/tags?post=293482"}],"curies":[{"name":"wp","href":"https:\/\/api.w.org\/{rel}","templated":true}]}}