{"id":293512,"date":"2003-04-02T22:00:00","date_gmt":"2003-04-02T20:00:00","guid":{"rendered":"https:\/\/www.focolare.org\/fraternidad-como-categoria-politica-una-propuesta-particularmente-significativa-en-el-marco-del-conflicto-en-irak\/"},"modified":"2024-05-13T20:46:22","modified_gmt":"2024-05-13T18:46:22","slug":"fraternidad-como-categoria-politica-una-propuesta-particularmente-significativa-en-el-marco-del-conflicto-en-irak","status":"publish","type":"post","link":"https:\/\/www.focolare.org\/es\/fraternidad-como-categoria-politica-una-propuesta-particularmente-significativa-en-el-marco-del-conflicto-en-irak\/","title":{"rendered":"Fraternidad como categor\u00eda pol\u00edtica: Una propuesta particularmente significativa en el marco del conflicto en Irak"},"content":{"rendered":"<p align=\"justify\"><img decoding=\"async\" src=\"http:\/\/10.0.0.128\/2010focolare\/layout\/foto2003\/20030402a.jpg\" alt=\"\" align=\"right\" border=\"0\" hspace=\"8\" \/><em><strong>Una especial importancia ha asumido el momento de reflexi\u00f3n pol\u00edtica, que tuvo lugar en Martigny <\/strong>(Suiza) <strong>el s\u00e1bato 22 de marzo, en el marco de la guerra en Irak. <\/strong><\/em>Lo puso en evidencia el alcalde de Mollens, St\u00e9phane Pont, moderador del Congreso que ten\u00eda como t\u00edtulo: \u201cEl reto de una pol\u00edtica aut\u00e9ntica\u201d. La iniciativa, promovida por algunos alcaldes, suscit\u00f3 gran inter\u00e9s superando las espectativas: participaron m\u00e1s de 300 pol\u00edticos de todos los cantones, comprometidos a nivel nacional, cantonal y comunal, algunos proven\u00edan tambi\u00e9n de Francia y Austria, adem\u00e1s de una delegaci\u00f3n del Consejo Ecum\u00e9nico de las Iglesias (CEC).  Chiara Lubich, quien hab\u00eda sido invitada como orador principal, en su intervenci\u00f3n, propuso <strong><em>asumir la fraternidad como categor\u00eda pol\u00edtica, m\u00e1s que nunca urgente precisamente en el dram\u00e1tico contexto internacional actual. \u201cLa pol\u00edtica es en su esencia amor\u201d -dijo- lo que hace necesario desarrollar categor\u00edas mentales que tengan en cuenta la unidad fundamental entre los hombres, en el pleno respeto de las diferencias. <\/em><\/strong>Y concluy\u00f3 lanzando un reto a Suiza: \u201cSiendo una peque\u00f1a naci\u00f3n, puede convertirse para Europa en un modelo de unidad en la diversidad de las culturas y los idiomas\u201d.  <em>\u201cHoy d\u00eda la pol\u00edtica es a menudo extremamente dura. Hoy se nos ha presentado una visi\u00f3n de la pol\u00edtica quiz\u00e1s algo idealista <\/em>-coment\u00f3 Kipa Christophe Darbellay, miembro de la direcci\u00f3n de la Oficina Federal para la Agricultura- <em>pero yo creo que es importante tener, tambi\u00e9n en la vida pol\u00edtica, metas y perspectivas ideales. El mejor impulso para una acci\u00f3n pol\u00edtica es una s\u00f3lida relaci\u00f3n con los dem\u00e1s y con Dios. \u00c9sto ha sido lo que nos han presentado hoy\u201d.<\/em><\/p>\n<p align=\"justify\"><img decoding=\"async\" src=\"http:\/\/10.0.0.128\/2010focolare\/layout\/foto2003\/20030402b.jpg\" alt=\"\" align=\"right\" border=\"0\" hspace=\"8\" \/><strong>Lucia Fronza Crepaz,<\/strong> ex diputada italiana, <strong>present\u00f3 el desarrollo <em>del Movimiento pol\u00edtico de la unidad <\/em><\/strong>nacido en 1996 con el <em>fin de animar el compromiso pol\u00edtico y el debate democr\u00e1tico entendido como servicio a toda la sociedad y de valorar los aspectos que contribuyen a la realizaci\u00f3n del bien com\u00fan, a la fraternidad universal\u201d.<\/em>  <strong>Numerosos los testimonios de pol\u00edticos <\/strong>que han mostrado con hechos esta nueva cultura pol\u00edtica. Particularmente significativa la experiencia de Marco Fatuzzo, ex-alcalde de Siracusa (Sicilia), en la obra constructiva que logr\u00f3 actuar en colaboraci\u00f3n con las fuerzas de la mayor\u00eda y de la oposici\u00f3n en favor de los ciudadanos en una situaci\u00f3n dif\u00edcil, complicada a veces por los condicionamientos mafiosos.<\/p>\n","protected":false},"excerpt":{"rendered":"<p>Hechos de paz<\/p>\n","protected":false},"author":34,"featured_media":0,"comment_status":"open","ping_status":"open","sticky":false,"template":"","format":"standard","meta":{"give_campaign_id":0,"_seopress_robots_primary_cat":"","_seopress_titles_title":"","_seopress_titles_desc":"","_seopress_robots_index":"","_et_pb_use_builder":"","_et_pb_old_content":"","_et_gb_content_width":"","footnotes":""},"categories":[46],"tags":[],"class_list":["post-293512","post","type-post","status-publish","format-standard","hentry","category-sin-categorizar"],"_links":{"self":[{"href":"https:\/\/www.focolare.org\/es\/wp-json\/wp\/v2\/posts\/293512","targetHints":{"allow":["GET"]}}],"collection":[{"href":"https:\/\/www.focolare.org\/es\/wp-json\/wp\/v2\/posts"}],"about":[{"href":"https:\/\/www.focolare.org\/es\/wp-json\/wp\/v2\/types\/post"}],"author":[{"embeddable":true,"href":"https:\/\/www.focolare.org\/es\/wp-json\/wp\/v2\/users\/34"}],"replies":[{"embeddable":true,"href":"https:\/\/www.focolare.org\/es\/wp-json\/wp\/v2\/comments?post=293512"}],"version-history":[{"count":0,"href":"https:\/\/www.focolare.org\/es\/wp-json\/wp\/v2\/posts\/293512\/revisions"}],"wp:attachment":[{"href":"https:\/\/www.focolare.org\/es\/wp-json\/wp\/v2\/media?parent=293512"}],"wp:term":[{"taxonomy":"category","embeddable":true,"href":"https:\/\/www.focolare.org\/es\/wp-json\/wp\/v2\/categories?post=293512"},{"taxonomy":"post_tag","embeddable":true,"href":"https:\/\/www.focolare.org\/es\/wp-json\/wp\/v2\/tags?post=293512"}],"curies":[{"name":"wp","href":"https:\/\/api.w.org\/{rel}","templated":true}]}}