{"id":293528,"date":"2003-05-04T22:00:00","date_gmt":"2003-05-04T20:00:00","guid":{"rendered":"https:\/\/www.focolare.org\/cronica-inedita-de-las-intervenciones-de-maria-en-la-historia\/"},"modified":"2024-05-13T20:46:24","modified_gmt":"2024-05-13T18:46:24","slug":"cronica-inedita-de-las-intervenciones-de-maria-en-la-historia","status":"publish","type":"post","link":"https:\/\/www.focolare.org\/es\/cronica-inedita-de-las-intervenciones-de-maria-en-la-historia\/","title":{"rendered":"Cr\u00f3nica in\u00e9dita de las intervenciones de Mar\u00eda en la historia"},"content":{"rendered":"<p>&nbsp;  <img decoding=\"async\" src=\"http:\/\/10.0.0.128\/2010focolare\/layout\/foto2003\/20030504a.jpg\" alt=\"\" align=\"left\" border=\"0\" hspace=\"8\" \/>Es una cr\u00f3nica in\u00e9dita que revela la fuerza de paz de Mar\u00eda en acto en la propia historia de los pueblos, en los momentos de m\u00e1s grave sufrimiento, la que el prof. Tommaso Sorgi, director del Centro Igino Giordani presenta al Congreso Mariano. Pone en evidencia \u201cla eficacia, tambi\u00e9n pol\u00edtica, de manejar como arma la corona del rosario\u201d. Un s\u00f3lo ejemplo: habla de lo sucedido en Filipinas hace pocos a\u00f1os. A mediados de los a\u00f1os \u201980, los obispos lanzan una campa\u00f1a de oraci\u00f3n por la propia conversi\u00f3n necesaria para obtener del Cielo la liberaci\u00f3n de la dictadura de Marcos. Adhieren a ella 5 millones de Filipinos. El mundo asiste a un vuelco: \u201cEl dictador parte al exilio y la revoluci\u00f3n del rosario libera al pueblo, sin esparcimiento de sangre\u201d. Es el Magnificat en acto: Mar\u00eda magnifica al Se\u00f1or que \u201cdispersa a los soberbios y derriba del trono a los potentes\u2026\u201d. El Magnificat por lo tanto, \u201cpuede ser asumido como modelo de la acci\u00f3n pol\u00edtica\u201d. Es la perspectiva abierta por el prof. Sorgi, precisamente hoy, cuando se hace urgente \u201cdar un vuelco total a las categor\u00edas fundamentales de poder\u201d. Sorgi propone \u201cel Magnificat como \u2019magna charta\u2019 social\u201d. Pero esa de Mar\u00eda \u2013 precisa- es una \u201csoberan\u00eda de amor\u201d. La pol\u00edtica podr\u00eda asumir de este modo \u201cel calor de un servicio de amor\u201d, \u201cel alma\u201d de la que tenemos \u201cextrema necesidad\u201d. Y el investigador y senador polaco Adam Biela da testimonio de cu\u00e1nto la oraci\u00f3n es fuente de inspiraci\u00f3n y de fuerza en su compromiso pol\u00edtico contra la corriente en favor de un verdadero desarrollo de su pueblo. <\/p>\n<p align=\"justify\"><img decoding=\"async\" src=\"http:\/\/10.0.0.128\/2010focolare\/layout\/foto2003\/20030504b.jpg\" alt=\"\" align=\"left\" border=\"0\" hspace=\"8\" \/>\u201cLos grandes pa\u00edses civilizados y democr\u00e1ticos eligen la guerra como m\u00e9todo de resoluci\u00f3n de los conflictos\u201d. Es la denuncia fuerte del prof. Andrea Riccardi, fundador de la Comunidad de San Egidio, quien intervino en la segunda jornada del Congreso Mariano Internacional. Presenta \u201cun interrogante que inquieta a todos\u201d: \u201c\ufffdLa guerra ser\u00e1 el nuevo futuro del mundo?\u201d. Es especial la evidencia de que \u201cla guerra es todav\u00eda una actividad en gran parte masculina\u201d. A partir de all\u00ed, el prof. Riccardi resalta la fuerza \u201cfemenina\u201d de la paz, mostrando a Mar\u00eda como aquella que bajo la cruz, \u201cvencida\u201d por la violencia del homicidio del hijo, \u201cesconde entre sus l\u00e1grimas una fuerza de vida y de esperanza\u201d y \u201cno se somete a la l\u00f3gica del vencido y del vencedor, del amigo y del enemigo\u201d. \u201cEl misterio de fe que vemos en Mar\u00eda \u2013agrega- es que el fuerte puede estar en el d\u00e9bil, el del peque\u00f1o en el grande, la de la vida del cuerpo en la muerte\u201d. Hoy \u201cMar\u00eda representa la fuerza de la paz en medio de los conflictos\u201d. La \u201cprontitud mariana\u201d, que responde a las necesidades de los hombres \u201cincluso no expresadas\u201d, mostrada por Mar\u00eda en las bodas de Can\u00e1, es subrayada por Anna Pelli, en su reflexi\u00f3n sobre este cuadro evang\u00e9lico, uno de los Misterios de la luz que el Congreso est\u00e1 profundizando. Esta p\u00e1gina del Evangelio se ve reflejada en la experiencia contada por Carmen y Maricel. Una familia atormentada por el dolor: dificultades econ\u00f3micas, alcohol, droga, tensiones y sus repercusiones en los hijos, ocho. En un tugurio de la periferia de Manila. Una historia de resurrecci\u00f3n a partir del descubrimiento del amor de Dios y de Mar\u00eda como modelo para imitar. Carmen, la mam\u00e1, cuenta c\u00f3mo su vida cambi\u00f3 cuando fue asumida en el Centro Social de Bukas Palad y de c\u00f3mo pudo volver a empezar a amar a su marido, que desde hac\u00eda a\u00f1os tomaba y jugaba. Maricel, una de sus hijas, logra salir del c\u00edrculo de la droga en el que se encontraba desde hac\u00eda siete a\u00f1os, perdona al pap\u00e1 \u2013 que mientras tanto hab\u00eda cambiado de vida- y lo asiste en sus \u00faltimos d\u00edas de vida. Un milagro de amor, que se abre ahora a otras familias pobres de la barriada, a las cuales Carmen y Maricel se dedican trabajando como voluntarias en Bukas Palad.<\/p>\n<p align=\"justify\"><img decoding=\"async\" src=\"http:\/\/10.0.0.128\/2010focolare\/layout\/foto2003\/20030504c.jpg\" alt=\"\" align=\"left\" border=\"0\" hspace=\"8\" \/>El lenguaje del Arte, que hoy ha alcanzado un momento culminante, hizo penetrar todav\u00eda m\u00e1s profundamente en este \u2018Misterio de la luz\u2019, es m\u00e1s, nos ha llavado al coraz\u00f3n del Evangelio: el core\u00f3grafo Stefanescu m\u00e1s que representar la fiesta de las Bodas, ha preferido captar el sentido m\u00e1s profundo del milagro del agua que se transforma en vino, s\u00edmbolo de la sangre misma que Jes\u00fas pronto habr\u00eda derramado para hacer el m\u00e1s grande milagro, la Resurrecci\u00f3n. Otra p\u00e1gina de este intenso evento mariano ha sido marcada por el aporte de los nuevos carismas a la comprensi\u00f3n vital de Mar\u00eda y del Rosario. Se abri\u00f3 con la mesa redonda de los representantes de varios Movimientos y Comunidades eclesiales: Renovaci\u00f3n carism\u00e1tica internacional, Comunidad de San Egidio, Cursillos, Sch\u00f6enstatt y Legionarios de Cristo. \u201cGoc\u00e9 con el intercambio de testimonios de tantos carismas, y me parec\u00eda ver a Mar\u00eda presente y viva en cada uno y en el seno de la Iglesia\u201d escribi\u00f3 un \u2018navegante\u2019 de Paraguay, quien sigui\u00f3 el Congreso a trav\u00e9s de Internet. Y desde Argentina: \u201cLa serie de los exponentes de los diversos Movimientos ha sido el testimonio de la variedad de dones que embellece a la Iglesia\u201d.  En la ma\u00f1ana, fue especialmente profundo el testimonio del Pbro. Pasquale Foresi, co-fundador de los Focolares y primer focolarino sacerdote. Emergi\u00f3 el rostro del sacerdocio renovado por la huella de Mar\u00eda y la fecundidad de una vida gastada por la construcci\u00f3n de una Obra suya.<\/p>\n","protected":false},"excerpt":{"rendered":"<p>Congreso Mariano Internacional<\/p>\n","protected":false},"author":34,"featured_media":0,"comment_status":"open","ping_status":"open","sticky":false,"template":"","format":"standard","meta":{"give_campaign_id":0,"_seopress_robots_primary_cat":"","_seopress_titles_title":"","_seopress_titles_desc":"","_seopress_robots_index":"","_et_pb_use_builder":"","_et_pb_old_content":"","_et_gb_content_width":"","footnotes":""},"categories":[46],"tags":[],"class_list":["post-293528","post","type-post","status-publish","format-standard","hentry","category-sin-categorizar"],"_links":{"self":[{"href":"https:\/\/www.focolare.org\/es\/wp-json\/wp\/v2\/posts\/293528","targetHints":{"allow":["GET"]}}],"collection":[{"href":"https:\/\/www.focolare.org\/es\/wp-json\/wp\/v2\/posts"}],"about":[{"href":"https:\/\/www.focolare.org\/es\/wp-json\/wp\/v2\/types\/post"}],"author":[{"embeddable":true,"href":"https:\/\/www.focolare.org\/es\/wp-json\/wp\/v2\/users\/34"}],"replies":[{"embeddable":true,"href":"https:\/\/www.focolare.org\/es\/wp-json\/wp\/v2\/comments?post=293528"}],"version-history":[{"count":0,"href":"https:\/\/www.focolare.org\/es\/wp-json\/wp\/v2\/posts\/293528\/revisions"}],"wp:attachment":[{"href":"https:\/\/www.focolare.org\/es\/wp-json\/wp\/v2\/media?parent=293528"}],"wp:term":[{"taxonomy":"category","embeddable":true,"href":"https:\/\/www.focolare.org\/es\/wp-json\/wp\/v2\/categories?post=293528"},{"taxonomy":"post_tag","embeddable":true,"href":"https:\/\/www.focolare.org\/es\/wp-json\/wp\/v2\/tags?post=293528"}],"curies":[{"name":"wp","href":"https:\/\/api.w.org\/{rel}","templated":true}]}}