{"id":293554,"date":"2003-07-28T22:00:00","date_gmt":"2003-07-28T20:00:00","guid":{"rendered":"https:\/\/www.focolare.org\/pueden-las-religiones-ser-companeras-en-el-camino-de-la-paz\/"},"modified":"2024-05-13T20:46:27","modified_gmt":"2024-05-13T18:46:27","slug":"pueden-las-religiones-ser-companeras-en-el-camino-de-la-paz","status":"publish","type":"post","link":"https:\/\/www.focolare.org\/es\/pueden-las-religiones-ser-companeras-en-el-camino-de-la-paz\/","title":{"rendered":"Pueden las religiones ser \u2018compa\u00f1eras\u2019 en el camino de la paz?"},"content":{"rendered":"<p>\u00a0<img decoding=\"async\" src=\"http:\/\/10.0.0.128\/2010focolare\/layout\/foto2003\/20030729a.jpg\" alt=\"\" align=\"right\" border=\"0\" hspace=\"8\" \/><strong>\u00abSin fraternidad no hay paz\u00bb<\/strong>  El pluralismo religioso, superficialmente parece el germen de divisiones y guerras. En realidad el mismo es \u2013dijo Chiara Lubich en su intervenci\u00f3n- un reto: todas las religiones est\u00e1n llamadas a restablecer, juntas, la unidad de la familia humana, porque en todas las religiones \u201cde alg\u00fan modo el Esp\u00edritu Santo est\u00e1 presente y activo\u201d.  Precisamente el fen\u00f3meno del terrorismo, que no se logra combatir con los medios convencionales, demuestra que las religiones tienen un gran aporte que dar a la paz: \u201cLa causa m\u00e1s profunda del terrorismo\u201d es \u201cel insoportable sufrimiento\u201d ante un mundo donde es cada vez mayor la diferencia entre ricos y pobres, subray\u00f3 Chiara Lubich en Caux. Existe la exigencia de una mayor igualdad, mayor solidaridad, y sobre todo de una distribuci\u00f3n de los bienes m\u00e1s equitativa. \u201cPero, como se sabe, los bienes no se mueven solos\u201d, \u201ces necesario mover los corazones de las personas\u201d. Y \u201c\ufffdde qui\u00e9n, sino de las grandes tradiciones religionas, podr\u00eda partir una estrategia de fraternidad capaz de marcar un vuelco incluso en las relaciones internacionales?\u201d. De hecho, sin fraternidad \u2013sostiene Chiara Lubich- no hay paz.  <strong>Sin perder la propia identidad<\/strong>  En todas las religiones est\u00e1 radicada la idea de la unidad y del amor: \u201cen pr\u00e1ctica, esto significa que somos compa\u00f1eros en el camino de la fraternidad y de la paz. Sin perder nuestra identidad, entre las grandes tradiciones religiosas de la humanidad nos podemos encontrar y comprender\u201d subray\u00f3 Chiara Lubich.  Como v\u00eda maestra hacia la comprensi\u00f3n entre las religiones, la fundadora del Movimiento de los Focolares, indic\u00f3 el camino del amor: \u201cSi emprendemos el di\u00e1logo los unos con los otros, y si por lo tanto nos abrimos a un di\u00e1logo hecho de benevolencia, de estima rec\u00edproca, de respeto, de misericordia, nos abrimos tambi\u00e9n a Dios y actuamos de modo tal \u2013son palabras de Juan Pablo II- que Dios est\u00e9 presente en medio nuestro\u201d. Chiara Lubich se muestra convencida de que es precisamente con la presencia de Dios que se pueden encontrar verdaderas soluciones a los problemas actuales.  <strong>El secreto del di\u00e1logo<\/strong>  El Movimiento de los Focolares tiene una rica experiencia en el di\u00e1logo interreligioso: \u201cen un clima de amor rec\u00edproco se puede establecer un di\u00e1logo con los propios compa\u00f1eros, un di\u00e1logo en el que se intenta hacerse nada para \u2018entrar\u2019, en cierto modo, en ellos\u201d. Este \u2018hacerce uno con el otro\u2019 es indicado por Chiara Lubich como el secreto de un di\u00e1logo capaz de llevar a la unidad. Exige una verdadera pobreza de esp\u00edritu: \u201cvaciar nuestra cabeza de las ideas, liberar nuestro coraz\u00f3n de los afectos, nuestra voluntad de los deseos\u201d para poder ensimismarnos con el otro y entender a quien tenemos delante. Ante una actitud as\u00ed el otro o la otra queda \u201ctocada\u201d y por su parte empieza a hacer preguntas (\u00e9sta es la experiencia de Chiara). \u201cEntonces podemos pasar al \u2018anuncio respetuoso\u2019, y comunicar, por lealtad con Dios y con nosotros mismos, pero tambi\u00e8n por honestidad con el pr\u00f3jimo, cuanto afirma nuestra fe sobre el argumento del que se habla, sin imponer con ello nada al otro, sin sombra de proselitismo, sino por amor. Y es el momento en el cual, para nosotros cristianos, el di\u00e1logo desemboca en el anuncio del Evangelio\u201d.  <strong>Gran simplicidad<\/strong>  Durante el coloquio sucesivo, <strong>Cornelio Sommaruga<\/strong>, presidente de \u201cIniciativas y cambio\u201d, subray\u00f3 la \u201cextrema sencillez\u201d con la que Chiara Lubich difunde su mensaje de amor. <strong>Rajmohan Gandhi<\/strong>, nieto de el Mahatma Gandhi, profesor de la Universidad de Nueva Delhi, tambi\u00e9n \u00e9l responsable de la organizaci\u00f3n que promovi\u00f3 el seminario, agreg\u00f3: \u201cEsta mujer habla a los corazones. Pero no como muchos otros, con voz potente y apasionante, sino con dulzura y fuerza. El di\u00e1logo interreligioso promovido por la se\u00f1ora Lubich es de grand\u00edsima importancia, especialmente en nuestro tiempo\u201d. Y el rabino <strong>Marc Rapha\u00ebl Guedj<\/strong>, fundador de \u201cRacine et Source\u201d (\u201cRa\u00edz y Fuente\u201d) qued\u00f3 impresionado por la \u201cpersonalidad de Chiara, que habla de amor siendo amor, sabidur\u00eda, sabidur\u00eda en la vida cotidiana,\u2026 amor que transforma el mundo\u201d.  <strong>Del servicio de Beatrix Ledergerber-Baumer para la agencia KIPA, 3 de agosto 2003<\/strong>  (nuestra traducci\u00f3n)<\/p>\n","protected":false},"excerpt":{"rendered":"<p>Seminario en Caux (Suiza)<\/p>\n","protected":false},"author":34,"featured_media":0,"comment_status":"open","ping_status":"open","sticky":false,"template":"","format":"standard","meta":{"give_campaign_id":0,"_seopress_robots_primary_cat":"","_seopress_titles_title":"","_seopress_titles_desc":"","_seopress_robots_index":"","_et_pb_use_builder":"","_et_pb_old_content":"","_et_gb_content_width":"","footnotes":""},"categories":[46],"tags":[],"class_list":["post-293554","post","type-post","status-publish","format-standard","hentry","category-sin-categorizar"],"_links":{"self":[{"href":"https:\/\/www.focolare.org\/es\/wp-json\/wp\/v2\/posts\/293554","targetHints":{"allow":["GET"]}}],"collection":[{"href":"https:\/\/www.focolare.org\/es\/wp-json\/wp\/v2\/posts"}],"about":[{"href":"https:\/\/www.focolare.org\/es\/wp-json\/wp\/v2\/types\/post"}],"author":[{"embeddable":true,"href":"https:\/\/www.focolare.org\/es\/wp-json\/wp\/v2\/users\/34"}],"replies":[{"embeddable":true,"href":"https:\/\/www.focolare.org\/es\/wp-json\/wp\/v2\/comments?post=293554"}],"version-history":[{"count":0,"href":"https:\/\/www.focolare.org\/es\/wp-json\/wp\/v2\/posts\/293554\/revisions"}],"wp:attachment":[{"href":"https:\/\/www.focolare.org\/es\/wp-json\/wp\/v2\/media?parent=293554"}],"wp:term":[{"taxonomy":"category","embeddable":true,"href":"https:\/\/www.focolare.org\/es\/wp-json\/wp\/v2\/categories?post=293554"},{"taxonomy":"post_tag","embeddable":true,"href":"https:\/\/www.focolare.org\/es\/wp-json\/wp\/v2\/tags?post=293554"}],"curies":[{"name":"wp","href":"https:\/\/api.w.org\/{rel}","templated":true}]}}