{"id":293564,"date":"2003-10-14T22:00:00","date_gmt":"2003-10-14T20:00:00","guid":{"rendered":"https:\/\/www.focolare.org\/en-los-5-continentes-157-congresos-marianos-maria-descubierta-como-modelo-de-vida\/"},"modified":"2024-05-13T20:46:28","modified_gmt":"2024-05-13T18:46:28","slug":"en-los-5-continentes-157-congresos-marianos-maria-descubierta-como-modelo-de-vida","status":"publish","type":"post","link":"https:\/\/www.focolare.org\/es\/en-los-5-continentes-157-congresos-marianos-maria-descubierta-como-modelo-de-vida\/","title":{"rendered":"En los 5 continentes 157 Congresos Marianos: Maria descubierta como modelo de vida"},"content":{"rendered":"<p><img decoding=\"async\" src=\"http:\/\/10.0.0.128\/2010focolare\/layout\/foto2003\/20031016a.jpg\" alt=\"\" align=\"right\" border=\"0\" hspace=\"8\" \/><em>\u201cEn este mundo herido por el terrorismo, por guerras y venganzas, el Congreso Mariano nos anuncia el alba de un mundo de esperanza, paz, amor y santidad\u201d <\/em>una impresi\u00f3n inmediata desde Taiw\u00e1n. Y un joven austriaco: <em>\u201cTodo ha tenido una frescura incre\u00edble. Nada era anticuado. \ufffdVer a Mar\u00eda as\u00ed es la cosa m\u00e1s genial del mundo!\u201d \u201cHe descubierto que el Rosario es verdaderamente una oraci\u00f3n de paz. \ufffdEs un ant\u00eddoto para la guerra!\u201d,<\/em> escriben desde Filipinas. Desde Argentina: <em>\u201cHoy he descubierto a Mar\u00eda como la mujer de la paz, la mujer fuerte, la mujer modelo de la humanidad\u201d. <\/em>Y desde Uganda: <em>\u201cEs maravilloso comprender a Mar\u00eda en un modo nuevo. Nos da el empuje para llevar a Mar\u00eda a casa y vivir con ella en nuestra sociedad en evoluci\u00f3n\u201d.<\/em>  Estos son algunos de los tantos ecos llegados de los 157 Congresos Marianos que se han desarrollado en el mundo durante el a\u00f1o del Rosario. Mar\u00eda ha sido redescubierta especialmente como madre y modelo de vida. Ha iluminado el camino de muchos que ahora desean entrar en su camino. <\/p>\n<p align=\"justify\"><img decoding=\"async\" src=\"http:\/\/10.0.0.128\/2010focolare\/layout\/foto2003\/20031016b.jpg\" alt=\"\" align=\"left\" border=\"0\" hspace=\"8\" \/>El momento m\u00e1s alto hab\u00eda sido marcado por el Congreso Mariano Internacional de Castelgandolfo, del que han sido un eco tantos otros Congresos que han tapizado los cinco continentes. Una alabanza a Mar\u00eda realmente planetaria que se ha elevado desde cada rinc\u00f3n de la tierra.    <\/p>\n<p align=\"justify\"><img decoding=\"async\" src=\"http:\/\/10.0.0.128\/2010focolare\/layout\/foto2003\/20031016c.jpg\" alt=\"\" align=\"right\" border=\"0\" hspace=\"8\" \/>En Mil\u00e1n estaban presentes 9000 personas, en Eslovaquia 1900, en Corea 2250, en Filipinas, en Manila 1800, en Malasia 1300, en M\u00e9xico 1200, en Argentina, en Buenos Aires 3400, en Paraguay 2000, en El Congo 1500, en Burundi 3000. S\u00f3lo para citar algunos encuentros. Por doquier los Congresos han sido una fuerte experiencia eclesial vivida, muchas veces, con toda la di\u00f3cesis y preparada en comuni\u00f3n con los otros Movimientos y Asociaciones de la regi\u00f3n, \ufffddando as\u00ed realce al aspecto carism\u00e1tico de la Iglesia, a su dimensi\u00f3n mariana!  <\/p>\n<p align=\"justify\"><img decoding=\"async\" src=\"http:\/\/10.0.0.128\/2010focolare\/layout\/foto2003\/20031016d.jpg\" alt=\"\" align=\"left\" border=\"0\" hspace=\"8\" \/>Peri\u00f3dicos y canales de televisi\u00f3n han hablado de ello. Obispos, pol\u00edticos, artistas, representantes de Movimientos eclesiales y de la cultura han ofrecido aportes notables. Otra caracter\u00edstica: la presencia, y en diversos casos el testimonio, de hermanos y hermanas de varias Iglesias. Tambi\u00e9n algunos seguidores de otras grandes religiones han dado su aporte con respecto a Mar\u00eda.  La revista \u00abCitt\u00e0 Nuova\u00bb, a partir de noviembre 2002, tiene una nueva secci\u00f3n cultural: \u201cA\u00f1o del rosario\u201d. Sali\u00f3 un nuevo volumen de Chiara Lubich: \u201cMar\u00eda transparencia de Dios\u201d, mientras que otra publicaci\u00f3n ha sido dedicada a los ni\u00f1os, un colorido volumen con el t\u00edtulo: \u201cEra bell\u00edsima&#8230;\u201d.  <\/p>\n<p align=\"justify\"><img decoding=\"async\" src=\"http:\/\/10.0.0.128\/2010focolare\/layout\/foto2003\/20031016e.jpg\" alt=\"\" align=\"right\" border=\"0\" hspace=\"8\" \/>Pero regresemos al 16 de octubre de 2002, en la Plaza San Pedro, cuando Juan Pablo II da a Chiara Lubich una carta suya personal. En ella est\u00e1 escrito: <em>\u201c(&#8230;) Quisiera entregar idealmente a todos los Focolarinos la oraci\u00f3n del Santo Rosario (&#8230;). Ofrezcan su aporte para que estos meses lleguen a ser para toda la comunidad cristiana una ocasi\u00f3n de renovaci\u00f3n interior\u201d.<\/em>  La adhesi\u00f3n de Chiara ha sido inmediata. Como respuesta al deseo del Papa, florecen enseguida ideas y proyectos para concretar a lo largo de este a\u00f1o mariano. Se siente la exigencia de agradecerle con mensajes de varias partes del mundo, por los frutos de vida nueva imprevisibles que de \u00e9ste han surgido.<\/p>\n","protected":false},"excerpt":{"rendered":"<p>A\u00f1o del Rosario<\/p>\n","protected":false},"author":34,"featured_media":0,"comment_status":"open","ping_status":"open","sticky":false,"template":"","format":"standard","meta":{"give_campaign_id":0,"_seopress_robots_primary_cat":"","_seopress_titles_title":"","_seopress_titles_desc":"","_seopress_robots_index":"","_et_pb_use_builder":"","_et_pb_old_content":"","_et_gb_content_width":"","footnotes":""},"categories":[46],"tags":[],"class_list":["post-293564","post","type-post","status-publish","format-standard","hentry","category-sin-categorizar"],"_links":{"self":[{"href":"https:\/\/www.focolare.org\/es\/wp-json\/wp\/v2\/posts\/293564","targetHints":{"allow":["GET"]}}],"collection":[{"href":"https:\/\/www.focolare.org\/es\/wp-json\/wp\/v2\/posts"}],"about":[{"href":"https:\/\/www.focolare.org\/es\/wp-json\/wp\/v2\/types\/post"}],"author":[{"embeddable":true,"href":"https:\/\/www.focolare.org\/es\/wp-json\/wp\/v2\/users\/34"}],"replies":[{"embeddable":true,"href":"https:\/\/www.focolare.org\/es\/wp-json\/wp\/v2\/comments?post=293564"}],"version-history":[{"count":0,"href":"https:\/\/www.focolare.org\/es\/wp-json\/wp\/v2\/posts\/293564\/revisions"}],"wp:attachment":[{"href":"https:\/\/www.focolare.org\/es\/wp-json\/wp\/v2\/media?parent=293564"}],"wp:term":[{"taxonomy":"category","embeddable":true,"href":"https:\/\/www.focolare.org\/es\/wp-json\/wp\/v2\/categories?post=293564"},{"taxonomy":"post_tag","embeddable":true,"href":"https:\/\/www.focolare.org\/es\/wp-json\/wp\/v2\/tags?post=293564"}],"curies":[{"name":"wp","href":"https:\/\/api.w.org\/{rel}","templated":true}]}}