{"id":293566,"date":"2003-10-15T22:00:00","date_gmt":"2003-10-15T20:00:00","guid":{"rendered":"https:\/\/www.focolare.org\/el-gracias-al-papa-artifice-de-la-iglesia-del-futuro-la-iglesia-comunion\/"},"modified":"2024-05-13T20:46:40","modified_gmt":"2024-05-13T18:46:40","slug":"el-gracias-al-papa-artifice-de-la-iglesia-del-futuro-la-iglesia-comunion","status":"publish","type":"post","link":"https:\/\/www.focolare.org\/es\/el-gracias-al-papa-artifice-de-la-iglesia-del-futuro-la-iglesia-comunion\/","title":{"rendered":"El gracias al Papa art\u00edfice de la Iglesia del futuro: la Iglesia-Comuni\u00f3n"},"content":{"rendered":"<p class=\"newsTit\">\n<p> &nbsp; <\/p>\n<p align=\"justify\"><span class=\"Testi\"><img decoding=\"async\" src=\"http:\/\/10.0.0.128\/2010focolare\/layout\/foto2003\/20031015a.jpg\" alt=\"\" align=\"Left\" border=\"0\" hspace=\"8\" \/>P. <strong><em>Entre los varios aspectos prof\u00e9ticos del pontificado de Juan Pablo II se puede sumar sin duda la nueva p\u00e1gina abierta durante la vigilia de Pentecost\u00e9s \u201998, en el primer encuentro hist\u00f3rico con cientos de miles de adherentes a los Movimientos y nuevas comunidades eclesiales. All\u00ed los reconoci\u00f3 p\u00fablicamente como \u201csignificativas expresiones carism\u00e1ticas de la Iglesia\u201d y reafirm\u00f3 la \u201cco-esencialidad\u201d entre la dimensi\u00f3n petrina-institucional y la mariana-carism\u00e1tica. \ufffdQu\u00e9 perspectivas se abren para el futuro a partir de esta visi\u00f3n de la Iglesia que tiene el Papa?<\/em><\/strong>    R. A partir de ese d\u00eda el Papa encendi\u00f3 en nosotros un sue\u00f1o: el sue\u00f1o de la Iglesia del Tercer Milenio: la Iglesia-Comuni\u00f3n. En este per\u00edodo de redescubrimiento de los carismas que no est\u00e1 en contraposici\u00f3n, sino en profunda comuni\u00f3n con el Papa y con los obispos, se me abri\u00f3 la esperanza de que se pondr\u00e1 de relieve sobre todo la obra del Esp\u00edritu Santo, atrayendo al mundo a Jes\u00fas. Desde ese d\u00eda, precisamente para responder al deseo de comuni\u00f3n entre los Movimientos expresado por el Papa, asum\u00ed el compromiso de dar inicio a un camino de comuni\u00f3n entre nosotros, Movimientos y Nuevas Comunidades. Ciertamente no pod\u00eda imaginar el desarrollo al que hoy asistimos: Pentecost\u00e9s \u201998 se repiti\u00f3 desde entonces en incontables di\u00f3cesis, en los 5 continentes, con la presencia de los obispos, involucrando a cientos de Movimientos y Comunidades. Teniendo como fruto nueva vitalidad y esperanza. El eco de este camino ha llegado a los Movimientos y Comunidades surgidos en las \u00faltimas d\u00e9cadas tambi\u00e9n en otras Iglesias, como en las Iglesias evang\u00e9licas de Alemania. Un fen\u00f3meno que antes era para nosotros desconocido. De all\u00ed ha nacido, a partir de 1999, una fraternidad tal que ha hecho surgir la idea de hacerlo visible, por ejemplo a trav\u00e9s de un gran encuentro, el 8 de mayo del 2004, en Stutgard. Con el mismo, trataremos tambi\u00e9n nosotros de dar, con nuestros carismas, un aporte a la \u201cEuropa del Esp\u00edritu\u201d.  P. <em><strong>\ufffdCu\u00e1l es su experiencia directa en su relaci\u00f3n con el Papa?<\/strong><\/em>  R. A lo largo de los a\u00f1os esta relaci\u00f3n se ha hecho cada vez m\u00e1s profunda. Es m\u00e1s, un par de veces he vivido una experiencia algo especial. Por ejemplo, despu\u00e9s de una audiencia en la que experiment\u00e9 un momento de gran unidad con el Papa, de hija a Padre, tuve la impresi\u00f3n de que el cielo se abriera y sent\u00ed una uni\u00f3n con Dios especial. Lo que la caracterizaba era el hecho de que no advert\u00ed intermediarios. El Papa es \u201cmediador\u201d pero cuando el mediador ha contribuido a unirte a Dios desaparece. Me pareci\u00f3 entender que esto depende del hecho de que el Papa ha recibido las llaves para abrirnos el cielo: \u201cA ti te dar\u00e9 las llaves del Reino de los Cielos&#8230;\u201d Quiz\u00e1s estas llaves no s\u00f3lo sirven para borrar los pecados, sino para abrirte a una uni\u00f3n m\u00e1s profunda con Dios. \ufffdSer\u00e1 \u00e9ste el secreto de los cambios radicales de alma y de historia obrados por \u00e9l en estos 25 a\u00f1os? \u00c9l comunica a Dios y Dios hace \u201cnuevas todas las cosas\u201d. Una \u201cPresencia\u201d que se hace cada vez m\u00e1s fuerte, en la medida en la que pasa a trav\u00e9s del peso del sufrimiento.  P. <em><strong>\ufffdRecuerda alg\u00fan episodio en especial de sus encuentros con el Papa, en estos 25 a\u00f1os?<\/strong><\/em>  R. Me vienen a la mente muchos momentos que han marcado otras muchas piedras angulares en nuestra historia y no s\u00f3lo. Como ese d\u00eda, era el 23 de septiembre de 1985, -es un hecho ya conocido- en el que ya en la puerta, al concluir una audiencia, mirando hacia el futuro, me atrev\u00ed a preguntarle al Papa: \u201c\ufffdConsidera posible que el presidente del Movimiento de los Focolares, de esta Obra, que es de Mar\u00eda, sea siempre una mujer?\u201d. \u201cS\u00ed, -respondi\u00f3- \ufffdojal\u00e1!\u201d. Y fue de las palabras del Papa que motivaron ese \u201cs\u00ed\u201d, que se me abri\u00f3, por primera vez, esa nueva conciencia de la Iglesia en sus dos dimensiones: petrina-institucional y mariana-carism\u00e1tica. \u201c\ufffdEn la Iglesia naciente se encuentran ambas \u2013 hab\u00eda afirmado, citando al te\u00f3logo Hans Urs von Balthasar \u2013 y deben permanecer!\u201d. Y es \u00e9sta la gran novedad a la que el Papa, en los a\u00f1os siguientes, se ha referido. Lo que sorprende es que el Santo Padre no ve el \u201cperfil mariano\u201d de la Iglesia s\u00f3lo como una realidad espiritual o m\u00edstica, sino tambi\u00e9n como una realidad hist\u00f3rica y da testimonio con los hechos, abriendo de par en par las puertas a las novedades del Esp\u00edritu.  P. <strong><em>Cu\u00e9ntanos otro hecho<\/em><\/strong>  R. Con los a\u00f1os nacieron, tambi\u00e9n en los j\u00f3venes, en las familias, en personas de las m\u00e1s variadas categor\u00edas sociales, anglicanos, luteranos, ortodoxos y de otras Iglesias, las mismas vocaciones florecidas en la Obra de Mar\u00eda entre los cat\u00f3licos. Una novedad que por a\u00f1os ha estado bajo estudio por parte de muchos canonistas. Pero parec\u00eda que no se encontraba ninguna salida. A un cierto punto habl\u00e9 de ello con el Papa. \ufffdSe mostr\u00f3 muy abierto! En la segunda audiencia, tambi\u00e9n esta vez en pie, me dijo con su conocido ingenio: \u201cEntend\u00ed. Tengo que decir: \ufffdDejen en paz a la Obra de Mar\u00eda que es de Mar\u00eda!\u201d. Y la situaci\u00f3n se desbloque\u00f3. Recuerdo que en la noche de repente me pas\u00f3 por la mente un pensamiento: \u201c Si hay un punto que es todav\u00eda un obst\u00e1culo en el camino ecum\u00e9nico, es precisamente el ministerio del Papa. Pero \ufffdqui\u00e9n ha \u2018acogido\u2019 a estos focolarinos de otras Iglesias? Precisamente el Papa\u201d. Esto quedar\u00e1 en la historia. Adem\u00e1s el Papa ha ido m\u00e1s all\u00e1: fue por una sugerencia suya que ahora tambi\u00e9n los obispos de otras Iglesias se encuentran regularmente, todos los a\u00f1os, para alimentar su ministerio con la Espiritualidad de la Unidad que ya comparten muchos obispos cat\u00f3licos, de quienes aprob\u00f3 su v\u00ednculo, no jur\u00eddico, sino espiritual con esta Obra de Mar\u00eda.  (Citt\u00e0 Nuova, n.19 &#8211; 2003) <\/span><\/p>\n","protected":false},"excerpt":{"rendered":"<p>25\u00b0 del Pontificado de Juan Pablo II<\/p>\n","protected":false},"author":34,"featured_media":0,"comment_status":"open","ping_status":"open","sticky":false,"template":"","format":"standard","meta":{"give_campaign_id":0,"_seopress_robots_primary_cat":"","_seopress_titles_title":"","_seopress_titles_desc":"","_seopress_robots_index":"","_et_pb_use_builder":"","_et_pb_old_content":"","_et_gb_content_width":"","footnotes":""},"categories":[46],"tags":[],"class_list":["post-293566","post","type-post","status-publish","format-standard","hentry","category-sin-categorizar"],"_links":{"self":[{"href":"https:\/\/www.focolare.org\/es\/wp-json\/wp\/v2\/posts\/293566","targetHints":{"allow":["GET"]}}],"collection":[{"href":"https:\/\/www.focolare.org\/es\/wp-json\/wp\/v2\/posts"}],"about":[{"href":"https:\/\/www.focolare.org\/es\/wp-json\/wp\/v2\/types\/post"}],"author":[{"embeddable":true,"href":"https:\/\/www.focolare.org\/es\/wp-json\/wp\/v2\/users\/34"}],"replies":[{"embeddable":true,"href":"https:\/\/www.focolare.org\/es\/wp-json\/wp\/v2\/comments?post=293566"}],"version-history":[{"count":0,"href":"https:\/\/www.focolare.org\/es\/wp-json\/wp\/v2\/posts\/293566\/revisions"}],"wp:attachment":[{"href":"https:\/\/www.focolare.org\/es\/wp-json\/wp\/v2\/media?parent=293566"}],"wp:term":[{"taxonomy":"category","embeddable":true,"href":"https:\/\/www.focolare.org\/es\/wp-json\/wp\/v2\/categories?post=293566"},{"taxonomy":"post_tag","embeddable":true,"href":"https:\/\/www.focolare.org\/es\/wp-json\/wp\/v2\/tags?post=293566"}],"curies":[{"name":"wp","href":"https:\/\/api.w.org\/{rel}","templated":true}]}}