{"id":293596,"date":"2003-12-06T23:00:00","date_gmt":"2003-12-06T22:00:00","guid":{"rendered":"https:\/\/www.focolare.org\/un-himno-de-gratitud-a-dios-por-la-obra-que-ha-suscitado-de-un-si-para-siempre\/"},"modified":"2024-05-13T20:46:43","modified_gmt":"2024-05-13T18:46:43","slug":"un-himno-de-gratitud-a-dios-por-la-obra-que-ha-suscitado-de-un-si-para-siempre","status":"publish","type":"post","link":"https:\/\/www.focolare.org\/es\/un-himno-de-gratitud-a-dios-por-la-obra-que-ha-suscitado-de-un-si-para-siempre\/","title":{"rendered":"\u00abUn himno de gratitud a Dios\u00bb por la Obra que ha suscitado de un \u2019s\u00ed\u2019 para siempre"},"content":{"rendered":"<p>\u00a007\/12\/2003<\/p>\n<p><img decoding=\"async\" src=\"http:\/\/10.0.0.128\/2010focolare\/img\/hr.gif\" alt=\"\" width=\"100%\" height=\"3\" \/><\/p>\n<p align=\"justify\"><img decoding=\"async\" src=\"http:\/\/10.0.0.128\/2010focolare\/layout\/foto2003\/20031207b.jpg\" alt=\"\" align=\"right\" border=\"0\" hspace=\"8\" \/>El 7 de diciembre se cumplen los 60 a\u00f1os del nacimiento del Movimiento de los Focolares, en Trento. Ese 7 de diciembre de 1943, Chiara Lubich, entonces con poco m\u00e1s de 20 a\u00f1os, cuando pronuncia su s\u00ed a Dios para siempre, est\u00e1 sola. No pod\u00eda imaginar entonces la fecundidad que ha surgido. Ahora son millones de personas de todas las edades, categor\u00edas sociales, idiomas, razas y credos que en todo el mundo, en 182 pa\u00edses, est\u00e1n comprometidas a suscitar por doquier fragmentos de fraternidad para contribuir a componer en unidad la familia humana que hoy, m\u00e1s que nunca, aspira a la paz.<\/p>\n<p>Chiara escribe en \u00abVita Trentina\u00bb:<\/p>\n<p align=\"justify\"><img decoding=\"async\" src=\"http:\/\/10.0.0.128\/2010focolare\/layout\/foto2003\/20031207c.jpg\" alt=\"\" align=\"right\" border=\"0\" hspace=\"8\" \/><em>\ufffdCu\u00e1l es mi estado de \u00e1nimo? \ufffdQu\u00e9 llevo en el coraz\u00f3n en esta especial circunstancia?<br \/> Una honda conmoci\u00f3n, si pienso s\u00f3lo por un momento ante lo que me encuentro: un pueblo nuevo nacido del Evangelio, esparcido en toda la tierra, una Obra inmensa que ninguna obra humana habr\u00eda podido hacer surgir. De hecho es \u201cuna Obra de Dios\u201d, para la cual he sido elegida de primera, como instrumento suyo siempre \u201cin\u00fatil e infiel\u201d.<\/p>\n<p>Y un himno de gratitud a Dios por todo lo que, con mis hermanas y hermanos, he podido ver, experimentar, construir, llevar hacia esa meta con su ayuda.<br \/> \ufffdUn gracias profundo y sentido por cada cosa Dios m\u00edo!<\/em><\/p>\n<p align=\"justify\"><img decoding=\"async\" src=\"http:\/\/10.0.0.128\/2010focolare\/layout\/foto2003\/20031207a.jpg\" alt=\"\" align=\"right\" border=\"0\" hspace=\"8\" \/><em>Gracias sobre todo por haberme hecho nacer en tu Iglesia, hija de Dios, por haberme nutrido d\u00eda tras d\u00eda de la Eucarist\u00eda;<br \/> por haber llenado mi vida, desde peque\u00f1a, de signos premonitorios del divino carisma que habr\u00edas puesto en m\u00ed para tantos;<br \/> por haberme hecho experimentar las verdades del Evangelio y sus promesas que siempre se verifican;<br \/> por haberme donado la alegr\u00eda del \u201cc\u00e9ntuplo\u201d en todo sentido;<br \/> por haberme revelado el secreto de la unidad en tu Hijo crucificado y abandonado;<br \/> por haber permitido sufrimientos precursores de una m\u00e1s profunda uni\u00f3n contigo;<br \/> por haberme donado una nov\u00edsima espiritualidad, personal y comunitaria al mismo tiempo, tan actual;<br \/> por haberme abierto, con todos los m\u00edos, a toda la humanidad, hacia los otros cristianos, hacia los fieles de otras religiones, hacia personas que todav\u00eda no son tuyas, pero de buena voluntad;<br \/> por el paterno amor de tus Vicarios en la tierra, especialmente de Pablo VI y de Juan Pablo II, y por su bendici\u00f3n sobre nuestra Obra durante a\u00f1os y a\u00f1os;<br \/> por haberme bendecida con una larga vida;<br \/> por haber perdonado mis pecados.<\/p>\n<p>Gracias por haberme dado, como misi\u00f3n espec\u00edfica, el colaborar con la Iglesia a actuar el Testamento de Tu Hijo: \u201cQue todos sean uno\u201d y de prepararTe amplios fragmentos de fraternidad universal.<br \/> Gracias, gracias. La alabanza y la gloria a Ti.<\/em><\/p>\n<p>As\u00ed Chiara recordaba hace algunos a\u00f1os aquel 7 de diciembre de 1943:<\/p>\n<p align=\"justify\"><img decoding=\"async\" src=\"http:\/\/10.0.0.128\/2010focolare\/layout\/foto2003\/20031207d.jpg\" alt=\"\" align=\"right\" border=\"0\" hspace=\"8\" \/><em>\u00abEn la ma\u00f1ana me levant\u00e9 hacia las cinco. Vest\u00ed el mejor traje que ten\u00eda, si bien pobre, y me encamin\u00e9, atravesando toda la ciudad, hacia el peque\u00f1o colegio.<br \/> Una tormenta encrudec\u00eda, tanto que tuve que abrirme paso empujando la sombrilla hacia delante. Tambi\u00e9n esto ten\u00eda un significado. Me parec\u00eda que quer\u00eda decir que el acto que estaba haciendo habr\u00eda encontrado dificultades.<\/p>\n<p>Llegando al colegio un cambio de escena: un enorme port\u00f3n se abre por s\u00ed solo.Una sensaci\u00f3n de alivio y acogida, casi como brazos abiertos de par en par de ese Dios que me esperaba. La iglesita estaba adornada lo mejor posible. En el fondo hondeaba una Virgen Inmaculada. Delante del altar, m\u00e1s all\u00e1 de la baranda, estaba preparado un reclinatorio.<\/p>\n<p>Antes de la Comuni\u00f3n vi por un momento lo que estaba por hacer: con la consagraci\u00f3n a Dios atravesaba un puente, y el puente ca\u00eda a mis espaldas, no podr\u00eda regresar atr\u00e1s, al mundo. Recuerdo que ese abrir los ojos sobre lo que estaba haciendo fue tan fuerte que se me cay\u00f3 una l\u00e1grima en el peque\u00f1o misal. Despu\u00e9s una alegr\u00eda secreta. Yo me casaba con Dios.<\/p>\n<p>Creo que hice el camino de regreso a casa corriendo, s\u00f3lo me detuve a comprar tres claveles rojos para el crucifijo que me esperaba en la habitaci\u00f3n. Ser\u00edan el signo de la fiesta com\u00fan. Me hab\u00eda casado con Dios. De \u00c9l pod\u00eda esperarlo todo\u00bb.<\/em><\/p>\n","protected":false},"excerpt":{"rendered":"<p>El Movimiento cumple 60 a\u00f1os<\/p>\n","protected":false},"author":34,"featured_media":0,"comment_status":"open","ping_status":"open","sticky":false,"template":"","format":"standard","meta":{"give_campaign_id":0,"_seopress_robots_primary_cat":"","_seopress_titles_title":"","_seopress_titles_desc":"","_seopress_robots_index":"","_et_pb_use_builder":"","_et_pb_old_content":"","_et_gb_content_width":"","footnotes":""},"categories":[46],"tags":[],"class_list":["post-293596","post","type-post","status-publish","format-standard","hentry","category-sin-categorizar"],"_links":{"self":[{"href":"https:\/\/www.focolare.org\/es\/wp-json\/wp\/v2\/posts\/293596","targetHints":{"allow":["GET"]}}],"collection":[{"href":"https:\/\/www.focolare.org\/es\/wp-json\/wp\/v2\/posts"}],"about":[{"href":"https:\/\/www.focolare.org\/es\/wp-json\/wp\/v2\/types\/post"}],"author":[{"embeddable":true,"href":"https:\/\/www.focolare.org\/es\/wp-json\/wp\/v2\/users\/34"}],"replies":[{"embeddable":true,"href":"https:\/\/www.focolare.org\/es\/wp-json\/wp\/v2\/comments?post=293596"}],"version-history":[{"count":0,"href":"https:\/\/www.focolare.org\/es\/wp-json\/wp\/v2\/posts\/293596\/revisions"}],"wp:attachment":[{"href":"https:\/\/www.focolare.org\/es\/wp-json\/wp\/v2\/media?parent=293596"}],"wp:term":[{"taxonomy":"category","embeddable":true,"href":"https:\/\/www.focolare.org\/es\/wp-json\/wp\/v2\/categories?post=293596"},{"taxonomy":"post_tag","embeddable":true,"href":"https:\/\/www.focolare.org\/es\/wp-json\/wp\/v2\/tags?post=293596"}],"curies":[{"name":"wp","href":"https:\/\/api.w.org\/{rel}","templated":true}]}}