{"id":293598,"date":"2003-12-12T23:00:00","date_gmt":"2003-12-12T22:00:00","guid":{"rendered":"https:\/\/www.focolare.org\/un-aniversario-lleno-de-sorpresas-las-felicitaciones-del-papa\/"},"modified":"2024-05-13T20:46:44","modified_gmt":"2024-05-13T18:46:44","slug":"un-aniversario-lleno-de-sorpresas-las-felicitaciones-del-papa","status":"publish","type":"post","link":"https:\/\/www.focolare.org\/es\/un-aniversario-lleno-de-sorpresas-las-felicitaciones-del-papa\/","title":{"rendered":"Un aniversario lleno de sorpresas: las felicitaciones del Papa"},"content":{"rendered":"<p><img decoding=\"async\" src=\"http:\/\/10.0.0.128\/2010focolare\/layout\/foto2003\/20031208g.jpg\" alt=\"\" align=\"right\" border=\"0\" hspace=\"8\" \/><em>La experiencia de la uni\u00f3n con Dios &#8211;<\/em> El 7 de diciembre se cumplen 60 a\u00f1os del nacimiento, en Trento, del Movimiento de los Focolares. Ese 7 de diciembre de 1943 Chiara Lubich, entonces con poco m\u00e1s de 20 a\u00f1os, cuando pronuncia su s\u00ed a Dios para siempre, est\u00e1 sola. No pod\u00eda imaginar entonces la fecundidad de ese \u201cmatrimonio con Dios\u201d. Varias veces ha repetido que s\u00f3lo la idea de que habr\u00eda nacido un Movimiento habr\u00eda turbado esa elecci\u00f3n s\u00f3lo de Dios. Y ahora, en el 60\ufffd, en un intenso clima espiritual, ha hablado de la uni\u00f3n con Dios a m\u00e1s de 1500 focolarinas de Europa y de los 5 continentes, reunidas en Castelgandolfo para su encuentro anual, un momento de profunda comuni\u00f3n sobre su experiencia personal.<\/p>\n<p><em>\u201cCuando entra la uni\u00f3n con Dios, lo divino te invade totalmente: es algo nuevo que t\u00fa no ves con los ojos del cuerpo, sino con los del alma. En la mente entra una luz, la luz del Esp\u00edritu Santo, que es m\u00e1s que la inteligencia, y la eleva. En el coraz\u00f3n entra el amor. Antes hab\u00eda amor humano, limitado a parientes y amigos. Despu\u00e9s entra el amor mismo de Dios, que abre de par en par el coraz\u00f3n a todo el mundo. con la vida sobrenatural se injerta tambi\u00e9n una fuerza nueva. Incluso la fuerza f\u00edsica es sostenida por la gracia de Dios\u201d.<\/em><\/p>\n<p align=\"justify\"><img decoding=\"async\" src=\"http:\/\/10.0.0.128\/2010focolare\/layout\/foto2003\/20031208a.jpg\" alt=\"\" align=\"left\" border=\"0\" hspace=\"8\" \/><strong>Las felicitaciones del Papa <\/strong>por el 60\ufffd aniversario del Movimiento de los Focolares llegaron, no s\u00f3lo con un mensaje para Chiara Lubich le\u00eddo por S. E. Mons. Stanislaw Rylko, Presidente del Pontificio Consejo para los Laicos, en el Centro Mari\u00e1polis de Castelgandolfo, sino incluso con una llamada telef\u00f3nica del Santo Padre, el mismo 7 de diciembre.<\/p>\n<p>Al inesperado mensaje del Papa, se sumaron las palabras de <strong>Mons. Rylko sobre el \u201cdon precioso del carisma\u201d, <\/strong>que, porque es un don del Esp\u00edritu Santo, suscita continuas sorpresas.<\/p>\n<p>Otros momentos fuertes del encuentro en este aniversario: <strong>el recuerdo de Chiara Lubich de ese 7 de diciembre de 1943,<\/strong> el testimonio de sus primeras compa\u00f1eras, el s\u00ed para siempre a Dios pronunciado por m\u00e1s de 100 focolarinas de los 5 continentes.<\/p>\n<p align=\"justify\"><img decoding=\"async\" src=\"http:\/\/10.0.0.128\/2010focolare\/layout\/foto2003\/20031208b.jpg\" alt=\"\" align=\"right\" border=\"0\" hspace=\"8\" \/>Este 60\ufffd aniversario se han puesto las premisas para hacer nacer un Centro de espiritualidad y estudio en Jerusal\u00e9n en el mismo lugar donde dice la tradici\u00f3n que Jes\u00fas pronuncio la oraci\u00f3n por la unidad. Un Centro con un significado especial, que se sumar\u00e1 a los focolares de Tierra Santa, en Jerusal\u00e9n y en Haifa, comprometidos en llevar la paz y la unidad en esa tierra tan atormentada.<\/p>\n","protected":false},"excerpt":{"rendered":"<p>El Movimiento cumple 60 a\u00f1os\/2<\/p>\n","protected":false},"author":34,"featured_media":0,"comment_status":"open","ping_status":"open","sticky":false,"template":"","format":"standard","meta":{"give_campaign_id":0,"_seopress_robots_primary_cat":"","_seopress_titles_title":"","_seopress_titles_desc":"","_seopress_robots_index":"","_et_pb_use_builder":"","_et_pb_old_content":"","_et_gb_content_width":"","footnotes":""},"categories":[46],"tags":[],"class_list":["post-293598","post","type-post","status-publish","format-standard","hentry","category-sin-categorizar"],"_links":{"self":[{"href":"https:\/\/www.focolare.org\/es\/wp-json\/wp\/v2\/posts\/293598","targetHints":{"allow":["GET"]}}],"collection":[{"href":"https:\/\/www.focolare.org\/es\/wp-json\/wp\/v2\/posts"}],"about":[{"href":"https:\/\/www.focolare.org\/es\/wp-json\/wp\/v2\/types\/post"}],"author":[{"embeddable":true,"href":"https:\/\/www.focolare.org\/es\/wp-json\/wp\/v2\/users\/34"}],"replies":[{"embeddable":true,"href":"https:\/\/www.focolare.org\/es\/wp-json\/wp\/v2\/comments?post=293598"}],"version-history":[{"count":0,"href":"https:\/\/www.focolare.org\/es\/wp-json\/wp\/v2\/posts\/293598\/revisions"}],"wp:attachment":[{"href":"https:\/\/www.focolare.org\/es\/wp-json\/wp\/v2\/media?parent=293598"}],"wp:term":[{"taxonomy":"category","embeddable":true,"href":"https:\/\/www.focolare.org\/es\/wp-json\/wp\/v2\/categories?post=293598"},{"taxonomy":"post_tag","embeddable":true,"href":"https:\/\/www.focolare.org\/es\/wp-json\/wp\/v2\/tags?post=293598"}],"curies":[{"name":"wp","href":"https:\/\/api.w.org\/{rel}","templated":true}]}}