{"id":293602,"date":"2003-12-12T23:00:00","date_gmt":"2003-12-12T22:00:00","guid":{"rendered":"https:\/\/www.focolare.org\/un-centro-de-espiritualidad-en-el-lugar-mismo-donde-la-tradicion-dice-que-jesus-pronuncio-la-oracion-por-la-unidad\/"},"modified":"2024-05-13T20:46:44","modified_gmt":"2024-05-13T18:46:44","slug":"un-centro-de-espiritualidad-en-el-lugar-mismo-donde-la-tradicion-dice-que-jesus-pronuncio-la-oracion-por-la-unidad","status":"publish","type":"post","link":"https:\/\/www.focolare.org\/es\/un-centro-de-espiritualidad-en-el-lugar-mismo-donde-la-tradicion-dice-que-jesus-pronuncio-la-oracion-por-la-unidad\/","title":{"rendered":"Un centro de espiritualidad en el lugar mismo donde la tradici\u00f3n dice que Jes\u00fas pronunci\u00f3 la oraci\u00f3n por la unidad"},"content":{"rendered":"<p><img decoding=\"async\" src=\"http:\/\/10.0.0.128\/2010focolare\/layout\/foto2003\/20031208e.jpg\" alt=\"\" align=\"right\" border=\"0\" hspace=\"8\" \/>En este 60\ufffd, se han puesto las premisas para que surja en la parte antigua de Jerusal\u00e9n, signo de la unidad, un centro de espiritualidad y de estudio de los Focolares contiguo a la escalera de piedra donde, seg\u00fan la tradici\u00f3n, el Jueves Santo, Jes\u00fas invoc\u00f3 al Padre la unidad. Con motivo de este aniversario los miembros del Movimiento en el mundo han recogido un primer aporte para la realizaci\u00f3n de este proyecto. El mes pasado fue firmado un acuerdo en el que el Patriarcado Latino de Jerusal\u00e9n concede en uso perpetuo a los Focolares una parcela de terreno ubicado precisamente en las cercan\u00edas de \u201caquella escalera\u201d.  Se est\u00e1 realizando un sue\u00f1o de hace casi 50 a\u00f1os, cuando en 1956 Chiara Lubich visit\u00f3 por primera vez Tierra Santa. De hecho fue precisamente en esta p\u00e1gina del Evangelio, le\u00edda en un refugio durante la Segunda Guerra Mundial, que Chiara y sus primeras compa\u00f1eras descubrieron el por qu\u00e9 de sus vidas.  Desde hace 25 a\u00f1os el Movimiento de los Focolares est\u00e1 presente en Tierra Santa con algunos centros en Jerusal\u00e9n y en Haifa, comprometidos en llevar la paz.<\/p>\n","protected":false},"excerpt":{"rendered":"<p>El Movimiento cumple 60 a\u00f1os\/2<\/p>\n","protected":false},"author":34,"featured_media":0,"comment_status":"open","ping_status":"open","sticky":false,"template":"","format":"standard","meta":{"give_campaign_id":0,"_seopress_robots_primary_cat":"","_seopress_titles_title":"","_seopress_titles_desc":"","_seopress_robots_index":"","_et_pb_use_builder":"","_et_pb_old_content":"","_et_gb_content_width":"","footnotes":""},"categories":[46],"tags":[],"class_list":["post-293602","post","type-post","status-publish","format-standard","hentry","category-sin-categorizar"],"_links":{"self":[{"href":"https:\/\/www.focolare.org\/es\/wp-json\/wp\/v2\/posts\/293602","targetHints":{"allow":["GET"]}}],"collection":[{"href":"https:\/\/www.focolare.org\/es\/wp-json\/wp\/v2\/posts"}],"about":[{"href":"https:\/\/www.focolare.org\/es\/wp-json\/wp\/v2\/types\/post"}],"author":[{"embeddable":true,"href":"https:\/\/www.focolare.org\/es\/wp-json\/wp\/v2\/users\/34"}],"replies":[{"embeddable":true,"href":"https:\/\/www.focolare.org\/es\/wp-json\/wp\/v2\/comments?post=293602"}],"version-history":[{"count":0,"href":"https:\/\/www.focolare.org\/es\/wp-json\/wp\/v2\/posts\/293602\/revisions"}],"wp:attachment":[{"href":"https:\/\/www.focolare.org\/es\/wp-json\/wp\/v2\/media?parent=293602"}],"wp:term":[{"taxonomy":"category","embeddable":true,"href":"https:\/\/www.focolare.org\/es\/wp-json\/wp\/v2\/categories?post=293602"},{"taxonomy":"post_tag","embeddable":true,"href":"https:\/\/www.focolare.org\/es\/wp-json\/wp\/v2\/tags?post=293602"}],"curies":[{"name":"wp","href":"https:\/\/api.w.org\/{rel}","templated":true}]}}