{"id":293608,"date":"2003-12-25T23:00:00","date_gmt":"2003-12-25T22:00:00","guid":{"rendered":"https:\/\/www.focolare.org\/en-el-patriarcado-ecumenico-de-constantinopla-para-la-fiesta-de-san-andres-apostol\/"},"modified":"2024-05-13T20:46:45","modified_gmt":"2024-05-13T18:46:45","slug":"en-el-patriarcado-ecumenico-de-constantinopla-para-la-fiesta-de-san-andres-apostol","status":"publish","type":"post","link":"https:\/\/www.focolare.org\/es\/en-el-patriarcado-ecumenico-de-constantinopla-para-la-fiesta-de-san-andres-apostol\/","title":{"rendered":"En el Patriarcado ecum\u00e9nico de Constantinopla para la fiesta de San Andr\u00e9s ap\u00f3stol"},"content":{"rendered":"<p> <\/p>\n<p align=\"justify\"><span class=\"Testi\"><img decoding=\"async\" src=\"http:\/\/10.0.0.128\/2010focolare\/layout\/foto2003\/20031125a.jpg\" alt=\"\" align=\"Right\" border=\"0\" hspace=\"8\" \/>Habiendo postergado para el pr\u00f3ximo a\u00f1o la cita en Estambul, por el riesgo de nuevos ataques terroristas, los obispos de igual modo quisieron dar un <strong>signo claro de solidaridad a la comunidad cristiana de Constantinopla,<\/strong> enviando una peque\u00f1a delegaci\u00f3n. Por este motivo el 28 de noviembre, partieron de Roma, para participar, a nombre de todos, en la fiesta de San Andr\u00e9s ap\u00f3stol, considerado el fundador y patrono del Patriarcado ecum\u00e9nico, el Card. Miloslav y el Obispo luterano Henrik Svenungsson.<\/p>\n<p>Fueron recibidos en audiencia por el <strong>Patriarca ecum\u00e9nico Bartolom\u00e9 <\/strong>y se encontraron tambi\u00e9n con el <strong>Patriarca armeno Mesrob II, con el Vicario patriarcal siro-ortodosso \u00c7etin y con el Nuncio apost\u00f3lico, Mons. Edmund Farhat.<\/strong> Fueron horas de intensa comuni\u00f3n ecum\u00e9nica, en el marco de una ciudad que lamentablemente ha quedado profundamente marcada por los recientes acontecimientos. La delegaci\u00f3n coincidi\u00f3 en su llegada con la del Vaticano, guiada por el Card. Kasper, y con la del Consejo ecum\u00e9nico de las Iglesias de Ginebra con el Dr. Konrad Raiser.<br \/> <\/span><\/p>\n","protected":false},"excerpt":{"rendered":"<p>Ecumenism<\/p>\n","protected":false},"author":34,"featured_media":0,"comment_status":"open","ping_status":"open","sticky":false,"template":"","format":"standard","meta":{"give_campaign_id":0,"_seopress_robots_primary_cat":"","_seopress_titles_title":"","_seopress_titles_desc":"","_seopress_robots_index":"","_et_pb_use_builder":"","_et_pb_old_content":"","_et_gb_content_width":"","footnotes":""},"categories":[46],"tags":[],"class_list":["post-293608","post","type-post","status-publish","format-standard","hentry","category-sin-categorizar"],"_links":{"self":[{"href":"https:\/\/www.focolare.org\/es\/wp-json\/wp\/v2\/posts\/293608","targetHints":{"allow":["GET"]}}],"collection":[{"href":"https:\/\/www.focolare.org\/es\/wp-json\/wp\/v2\/posts"}],"about":[{"href":"https:\/\/www.focolare.org\/es\/wp-json\/wp\/v2\/types\/post"}],"author":[{"embeddable":true,"href":"https:\/\/www.focolare.org\/es\/wp-json\/wp\/v2\/users\/34"}],"replies":[{"embeddable":true,"href":"https:\/\/www.focolare.org\/es\/wp-json\/wp\/v2\/comments?post=293608"}],"version-history":[{"count":0,"href":"https:\/\/www.focolare.org\/es\/wp-json\/wp\/v2\/posts\/293608\/revisions"}],"wp:attachment":[{"href":"https:\/\/www.focolare.org\/es\/wp-json\/wp\/v2\/media?parent=293608"}],"wp:term":[{"taxonomy":"category","embeddable":true,"href":"https:\/\/www.focolare.org\/es\/wp-json\/wp\/v2\/categories?post=293608"},{"taxonomy":"post_tag","embeddable":true,"href":"https:\/\/www.focolare.org\/es\/wp-json\/wp\/v2\/tags?post=293608"}],"curies":[{"name":"wp","href":"https:\/\/api.w.org\/{rel}","templated":true}]}}