{"id":293622,"date":"2004-01-25T23:00:00","date_gmt":"2004-01-25T22:00:00","guid":{"rendered":"https:\/\/www.focolare.org\/juntos-por-europa-para-contribuir-a-dar-un-alma-al-continente\/"},"modified":"2024-05-13T20:46:46","modified_gmt":"2024-05-13T18:46:46","slug":"juntos-por-europa-para-contribuir-a-dar-un-alma-al-continente","status":"publish","type":"post","link":"https:\/\/www.focolare.org\/es\/juntos-por-europa-para-contribuir-a-dar-un-alma-al-continente\/","title":{"rendered":"JUNTOS POR EUROPA para contribuir a dar un alma al continente"},"content":{"rendered":"<p>&nbsp;  \u00a0<img decoding=\"async\" src=\"http:\/\/10.0.0.128\/2010focolare\/layout\/foto2004\/20040124a.jpg\" alt=\"\" align=\"right\" border=\"0\" hspace=\"8\" \/>En el momento en el que se del\u00ednea la unidad de Europa, tambi\u00e9n con el ingreso de pueblos del Este y del Sur del continente, <em>Movimientos, Comunidades y grupos de varias confesiones cristianas,<strong> por primera vez en la historia, entretejen un camino de comuni\u00f3n y de colaboraci\u00f3n: juntos quieren contribuir a la unidad espiritual del continente, en favor de una Europa que act\u00fae su vocaci\u00f3n universal de paz y unidad entre los pueblos. <\/strong><\/em> <\/p>\n<p align=\"justify\"><img decoding=\"async\" src=\"http:\/\/10.0.0.128\/2010focolare\/layout\/foto2004\/20040124c.jpg\" alt=\"\" align=\"left\" border=\"0\" hspace=\"8\" \/>Movimientos, Comunidades y grupos quieren hacer visible: &#8211; <em><strong>una red de fraternidad que ya se extiende en todo el continente<\/strong><\/em> y rompe con nacionalismos y barreras hist\u00f3ricas; &#8211; <em><strong>la renovaci\u00f3n a nivel espiritual<\/strong><\/em> que se est\u00e1 desarrollando a partir del Evangelio vivido y que se manifiesta en tantos sectores de la vida civil; &#8211; <em><strong>el aporte de los pueblos<\/strong><\/em> en pro de una Europa de los ciudadanos.<\/p>\n<p> En una gran manifestaci\u00f3n en <strong>STUTTGARD <\/strong>(Alemania), en el Estadio Hanns Martin Schleyer, <strong>en conexi\u00f3n v\u00eda sat\u00e9lite con encuentros contempor\u00e1neos en m\u00e1s de 100 ciudades europeas.<\/strong>  <em><strong>Est\u00e1n en programa<\/strong><\/em> la intervenciones de fundadores y responsables de Movimientos, Comunidades y grupos, entre los cuales: <strong><em>Chiara Lubich, Andrea Riccardi;<\/em><\/strong> los pastores evang\u00e9licos <strong>Friedrich Aschoff, Ulrich Parzany,<\/strong> p. <strong>Heikki Huttunen<\/strong>, ortodoxo.  Se esperan los aportes del Presidente de la Comisi\u00f3n Europea, <em><strong>Romano Prodi,<\/strong> del Card. <strong>Walter Kasper,<\/strong> Presidente del Pontificio Consejo para la unidad de los cristianos y del Obispo de la Iglesia evang\u00e9lico-luterana de Baviera, <strong>Johannes Friedrich.<\/strong><\/em>  Ser\u00e1n numerosos <strong>los testimonios de Movimientos, Comunidades y grupos en respuesta a las preguntas fundamentales de hoy:<\/strong> <em>la paz, un nuevo estilo de vida que ponga a los europeos en di\u00e1logo; la integraci\u00f3n de pueblos y culturas diversas; los valores de la familia, la solidaridad con los m\u00e1s pobres en Europa y en el mundo. <\/em>Tomar\u00e1n la palabra tambi\u00e9n los <strong>j\u00f3venes:<\/strong> hablar\u00e1n de su compromiso y de su \u2018visi\u00f3n\u2019 de Europa.  <strong>Durante la manifestaci\u00f3n<\/strong> se alternar\u00e1n <strong>significativos momentos art\u00edsticos <\/strong>que expresar\u00e1n tambi\u00e9n la riqueza de los varios pueblos. Participar\u00e1n entre otros: <em>Judy Bailey, Albert Frey, Beatbetrieb, Gen Rosso, Gen Verde, la Compa\u00f1\u00eda de ballet de Liliana Cosi y Marinel Stefanescu.<\/em>  <strong>Est\u00e1 prevista la participaci\u00f3n de obispos de varias Iglesias, de numerosos representantes de instituciones pol\u00edticas de diversos Pa\u00edses europeos y de personalidades del mundo de la cultura.<\/strong>  La transmisi\u00f3n v\u00eda sat\u00e9lite ser\u00e1 realizada gracias al soporte t\u00e9cnico de TELESPAZIO, CRC\/Canad\u00e1 y MEDIA SPACE Alliance<\/p>\n","protected":false},"excerpt":{"rendered":"<p>Hacia Stuttgard 2004<\/p>\n","protected":false},"author":34,"featured_media":0,"comment_status":"open","ping_status":"open","sticky":false,"template":"","format":"standard","meta":{"give_campaign_id":0,"_seopress_robots_primary_cat":"","_seopress_titles_title":"","_seopress_titles_desc":"","_seopress_robots_index":"","_et_pb_use_builder":"","_et_pb_old_content":"","_et_gb_content_width":"","footnotes":""},"categories":[46],"tags":[],"class_list":["post-293622","post","type-post","status-publish","format-standard","hentry","category-sin-categorizar"],"_links":{"self":[{"href":"https:\/\/www.focolare.org\/es\/wp-json\/wp\/v2\/posts\/293622","targetHints":{"allow":["GET"]}}],"collection":[{"href":"https:\/\/www.focolare.org\/es\/wp-json\/wp\/v2\/posts"}],"about":[{"href":"https:\/\/www.focolare.org\/es\/wp-json\/wp\/v2\/types\/post"}],"author":[{"embeddable":true,"href":"https:\/\/www.focolare.org\/es\/wp-json\/wp\/v2\/users\/34"}],"replies":[{"embeddable":true,"href":"https:\/\/www.focolare.org\/es\/wp-json\/wp\/v2\/comments?post=293622"}],"version-history":[{"count":0,"href":"https:\/\/www.focolare.org\/es\/wp-json\/wp\/v2\/posts\/293622\/revisions"}],"wp:attachment":[{"href":"https:\/\/www.focolare.org\/es\/wp-json\/wp\/v2\/media?parent=293622"}],"wp:term":[{"taxonomy":"category","embeddable":true,"href":"https:\/\/www.focolare.org\/es\/wp-json\/wp\/v2\/categories?post=293622"},{"taxonomy":"post_tag","embeddable":true,"href":"https:\/\/www.focolare.org\/es\/wp-json\/wp\/v2\/tags?post=293622"}],"curies":[{"name":"wp","href":"https:\/\/api.w.org\/{rel}","templated":true}]}}