{"id":293646,"date":"2004-03-16T23:00:00","date_gmt":"2004-03-16T22:00:00","guid":{"rendered":"https:\/\/www.focolare.org\/un-mensaje-de-unidad-para-irlanda-quien-actualmente-tiene-la-presidencia-de-la-union-europea\/"},"modified":"2024-05-13T20:46:49","modified_gmt":"2024-05-13T18:46:49","slug":"un-mensaje-de-unidad-para-irlanda-quien-actualmente-tiene-la-presidencia-de-la-union-europea","status":"publish","type":"post","link":"https:\/\/www.focolare.org\/es\/un-mensaje-de-unidad-para-irlanda-quien-actualmente-tiene-la-presidencia-de-la-union-europea\/","title":{"rendered":"Un mensaje de unidad para Irlanda, quien actualmente tiene la presidencia de la Uni\u00f3n Europea"},"content":{"rendered":"<p>&nbsp;  \u00a0<img decoding=\"async\" src=\"http:\/\/10.0.0.128\/2010focolare\/layout\/foto2004\/20040317a.jpg\" alt=\"\" align=\"right\" border=\"0\" hspace=\"8\" \/><strong>Encuentros de m\u00e1ximo nivel en el campo pol\u00edtico, econ\u00f3mico y eclesial<\/strong> han caracterizado la primera visita de Chiara Lubich a Irlanda, los cuales han sido rese\u00f1ados tambi\u00e9n por dos de los diarios nacionales m\u00e1s importantes: el <em>Irish Times y el Irish Indipendent.<\/em>  En este semestre de presidencia irlandesa de la Uni\u00f3n Europea, <strong>los temas de Europa, <\/strong>han tenido especial importancia en los coloquios con la Presidente de la Rep\u00fablica Irlandesa, Mary McAleese y con el Primer Ministro Bertie Aherne. <\/p>\n<p align=\"justify\"><img decoding=\"async\" src=\"http:\/\/10.0.0.128\/2010focolare\/layout\/foto2004\/20040317b.jpg\" alt=\"\" align=\"left\" border=\"0\" hspace=\"8\" \/><strong>En un Pa\u00eds en el cual, despu\u00e9s del estallido econ\u00f3mico de estos \u00faltimos a\u00f1os, florece la exigencia de una profunda dimensi\u00f3n \u00e9tica,<\/strong> se ha puesto en evidencia el congreso desarrollado en la Facultad de Econom\u00eda de la Universidad de Dubl\u00edn, donde fue propuesta la Econom\u00eda do Comuni\u00f3n como v\u00eda para humanizar la globalizaci\u00f3n. El congreso fue inaugurado por el Gobernador de la Banca de Irlanda, quien declar\u00f3: <em>\u00abEl proyecto de la Econom\u00eda de Comuni\u00f3n nace de una cultura espiritual que me parece muy importante. La econom\u00eda tiene necesidad de una profunda dimensi\u00f3n \u00e9tica que la Econom\u00eda de Comuni\u00f3n puede traer tambi\u00e9n a Irlanda\u00bb.<\/em>   <\/p>\n<p align=\"justify\"><img decoding=\"async\" src=\"http:\/\/10.0.0.128\/2010focolare\/layout\/foto2004\/20040317c.jpg\" alt=\"\" align=\"right\" border=\"0\" hspace=\"8\" \/>Irlanda, hasta hace pocas d\u00e9cadas profundamente cat\u00f3lica, <strong>espera ahora una respuesta a la onda de descristianizaci\u00f3n<\/strong> en acto en todo el mundo occidental. El Presidente de la Conferencia Episcopal Irlandesa, Mons. Seran Brady, invit\u00f3 a Chiara Lubich a hablar a un grupo de obispos sobre la <strong>espiritualidad de comuni\u00f3n y sobre su experiencia de evangelizaci\u00f3n. <\/strong>Estaban presentes tambi\u00e9n el Nuncio, Mons. Lazzarotto, el arzobispo de Dubl\u00edn, el Card. Connell, y el arzobispo coadjutor Mons. Diarmuid Martin.  <strong>La b\u00fasqueda de la luz es redescubierta como el hilo conductor de la antiqu\u00edsima historia de Irlanda, <\/strong>representada con un lenguaje art\u00edstico, en la fiesta de la familia de los Focolares de Dubl\u00edn, unas mil personas, provenientes tambi\u00e9n de Irlanda del Norte, se encontraron con Chiara Lubich. La fundadora de los Focolares lanz\u00f3 a todos a llevar la luz del ideal de la unidad, la fraternidad que nace del Evangelio vivido.  <\/p>\n<p align=\"justify\"><img decoding=\"async\" src=\"http:\/\/10.0.0.128\/2010focolare\/layout\/foto2004\/20040317d.jpg\" alt=\"\" align=\"left\" border=\"0\" hspace=\"8\" \/>Como conclusi\u00f3n del viaje, la <strong>inauguraci\u00f3n de la ciudadela del Movimiento, \u201cLieta\u201d, <\/strong>un \u201claboratorio de unidad\u201d. Un momento impresionante, el recuerdo de quienes han sido las ra\u00edces espirituales de la difusi\u00f3n del ideal de la unidad en Irlanda.<\/p>\n","protected":false},"excerpt":{"rendered":"<p>Trip to Ireland<\/p>\n","protected":false},"author":34,"featured_media":0,"comment_status":"open","ping_status":"open","sticky":false,"template":"","format":"standard","meta":{"give_campaign_id":0,"_seopress_robots_primary_cat":"","_seopress_titles_title":"","_seopress_titles_desc":"","_seopress_robots_index":"","_et_pb_use_builder":"","_et_pb_old_content":"","_et_gb_content_width":"","footnotes":""},"categories":[904],"tags":[],"class_list":["post-293646","post","type-post","status-publish","format-standard","hentry","category-focolare-worldwide-2-2"],"_links":{"self":[{"href":"https:\/\/www.focolare.org\/es\/wp-json\/wp\/v2\/posts\/293646","targetHints":{"allow":["GET"]}}],"collection":[{"href":"https:\/\/www.focolare.org\/es\/wp-json\/wp\/v2\/posts"}],"about":[{"href":"https:\/\/www.focolare.org\/es\/wp-json\/wp\/v2\/types\/post"}],"author":[{"embeddable":true,"href":"https:\/\/www.focolare.org\/es\/wp-json\/wp\/v2\/users\/34"}],"replies":[{"embeddable":true,"href":"https:\/\/www.focolare.org\/es\/wp-json\/wp\/v2\/comments?post=293646"}],"version-history":[{"count":0,"href":"https:\/\/www.focolare.org\/es\/wp-json\/wp\/v2\/posts\/293646\/revisions"}],"wp:attachment":[{"href":"https:\/\/www.focolare.org\/es\/wp-json\/wp\/v2\/media?parent=293646"}],"wp:term":[{"taxonomy":"category","embeddable":true,"href":"https:\/\/www.focolare.org\/es\/wp-json\/wp\/v2\/categories?post=293646"},{"taxonomy":"post_tag","embeddable":true,"href":"https:\/\/www.focolare.org\/es\/wp-json\/wp\/v2\/tags?post=293646"}],"curies":[{"name":"wp","href":"https:\/\/api.w.org\/{rel}","templated":true}]}}