{"id":293652,"date":"2004-03-16T23:00:00","date_gmt":"2004-03-16T22:00:00","guid":{"rendered":"https:\/\/www.focolare.org\/una-respuesta-a-la-onda-de-descristianizacion-en-un-pais-con-profundas-raices-cristianas\/"},"modified":"2024-05-13T20:46:49","modified_gmt":"2024-05-13T18:46:49","slug":"una-respuesta-a-la-onda-de-descristianizacion-en-un-pais-con-profundas-raices-cristianas","status":"publish","type":"post","link":"https:\/\/www.focolare.org\/es\/una-respuesta-a-la-onda-de-descristianizacion-en-un-pais-con-profundas-raices-cristianas\/","title":{"rendered":"Una respuesta a la onda de descristianizaci\u00f3n en un Pa\u00eds con profundas ra\u00edces cristianas"},"content":{"rendered":"<p>Irlanda, que se enorgullece de tener una antigua y profunda tradici\u00f3n cristiana, en estas \u00faltimas d\u00e9cadas est\u00e1 sufriendo el violento impacto de la descristianizaci\u00f3n, tambi\u00e9n debido al estallido econ\u00f3mico. <strong>El Presidente de la Conferencia Episcopal Irlandesa, Mons. Sean Brady hab\u00eda invitado a Chiara Lubich<\/strong> a hablar a un grupo de obispos sobre la espiritualidad de comuni\u00f3n y sobre su experiencia de evangelizaci\u00f3n. <strong>En el di\u00e1logo, los obispos revelaron sus preocupaciones m\u00e1s graves por el dif\u00edcil momento <\/strong>que est\u00e1 atravesando el Pa\u00eds. El problema m\u00e1s serio: las nuevas generaciones. Chiara habla de la exigencia que ellos tienen de modelos, de testimonios. Despu\u00e9s el di\u00e1logo prosigue sobre la relaci\u00f3n con las otras religiones, la pol\u00edtica, la colegialidad, la familia.  <strong>La b\u00fasqueda de la luz, hilo conductor de la antigua historia de Irlanda<\/strong> El redescubrimiento de las antiqu\u00edsimas ra\u00edces de una historia que se remonta a 5000 a\u00f1os atr\u00e1s, la evangelizaci\u00f3n iniciada por San Patricio en el siglo V, la \u00e9poca misionera, la actual crisis que presenta los signos de la b\u00fasqueda de esa luz que recorre toda la historia irlandesa, y la acogida de la luz del carisma de la unidad, ya desde hace 30 a\u00f1os: otras tantas etapas, delineadas con expresiones art\u00edsticas y musicales, todo en la fiesta de la familia del Movimiento con Chiara, en la Universidad de Dubl\u00edn donde, alrededor de 1000 personas, llegaron desde Irlanda del Norte y de las otras regiones.  Chiara <strong>lanz\u00f3 a todos a vivir la fraternidad entre cat\u00f3licos y protestantes y en las relaciones con las otras religiones, en especial con el Islam,<\/strong> en \u00e9sta que hoy d\u00eda es tambi\u00e9n, por primera vez, una tierra de inmigraci\u00f3n. En la ma\u00f1ana, fueron fuertes <strong>los testimonios de la comunidad irlandesa: <\/strong>una joven que cuenta de su b\u00fasqueda de Dios en la turbulencia juvenil; una pareja de Irlanda del Norte, que resiste a la tentaci\u00f3n del odio, entre bombas y atentados, para hacer vencer <strong>ese amor que lanza puentes entre la comunidad protestante y la cat\u00f3lica de Ulster. <\/strong>El arzobispo Diarmuid Martin, coadjutor de Dubl\u00edn, presente en el encuentro, en la homil\u00eda durante la Misa anim\u00f3 a todos a vivir y difundir este carisma de la unidad que \u2013dijo- \u201crefuerza la unidad entre los cristianos y trabaja por un ecumenismo de los corazones, donde el amor est\u00e1 vivo en cada uno y ayuda a comprendernos mejor y a superar las tensiones de las divisiones\u201d. <\/p>\n<p align=\"justify\"><img decoding=\"async\" src=\"http:\/\/10.0.0.128\/2010focolare\/layout\/foto2004\/20040317g.jpg\" alt=\"\" align=\"right\" border=\"0\" hspace=\"8\" \/><strong>La inauguraci\u00f3n de la ciudadela Lieta, \u201claboratorio de unidad\u201d<\/strong> Como conclusi\u00f3n de la visita, asumi\u00f3 un significado especial la inauguraci\u00f3n de la incipiente ciudadela del Movimiento: la Mari\u00e1polis Lieta, peque\u00f1o boceto de un mundo renovado por el Evangelio, en el contexto de la pol\u00edtica y de la Iglesia en Irlanda. Estaban presentes sea personalidades civiles que religiosas.<\/p>\n<p> <strong>Las ra\u00edces espirituales de la difusi\u00f3n del ideal de la unidad en Irlanda<\/strong> Varias veces, durante este viaje a Irlanda, fueron recordados aquellos que est\u00e1n en la ra\u00edz de la difusi\u00f3n del ideal de la unidad en este Pa\u00eds: los primeros que lo acogieron y difundieron, <strong>Margaret Neylon y su hijo Eddie, el primer gen, clavado a una silla de ruedas. <\/strong>Impresionante el momento en el que se devel\u00f3 la placa con la foto de <strong>Lieta, focolarina argentina,<\/strong> durante la inauguraci\u00f3n de la ciudadela que lleva su nombre. Por este Ideal, Lieta trabajo durante 30 a\u00f1os en Irlanda: desde el inicio de los a\u00f1os Setenta, hasta el 2002, cuando nos dej\u00f3. Vivos en el coraz\u00f3n de todos, <strong>Joe McNamara, uno de los primeros focolarinos<\/strong> y el focolarino <strong>Stephen Lukong, de Camer\u00fan, <\/strong>que parti\u00f3 repentinamente para el Cielo hace pocas semanas. Sus \u00faltimos d\u00edas hab\u00edan sido marcados por una profunda experiencia espiritual. Sus nombres quedaron marcados en las calles y las plazas de la ciudadela.<\/p>\n","protected":false},"excerpt":{"rendered":"<p>Viaje a  Irlanda<\/p>\n","protected":false},"author":34,"featured_media":0,"comment_status":"open","ping_status":"open","sticky":false,"template":"","format":"standard","meta":{"give_campaign_id":0,"_seopress_robots_primary_cat":"","_seopress_titles_title":"","_seopress_titles_desc":"","_seopress_robots_index":"","_et_pb_use_builder":"","_et_pb_old_content":"","_et_gb_content_width":"","footnotes":""},"categories":[904],"tags":[],"class_list":["post-293652","post","type-post","status-publish","format-standard","hentry","category-focolare-worldwide-2-2"],"_links":{"self":[{"href":"https:\/\/www.focolare.org\/es\/wp-json\/wp\/v2\/posts\/293652","targetHints":{"allow":["GET"]}}],"collection":[{"href":"https:\/\/www.focolare.org\/es\/wp-json\/wp\/v2\/posts"}],"about":[{"href":"https:\/\/www.focolare.org\/es\/wp-json\/wp\/v2\/types\/post"}],"author":[{"embeddable":true,"href":"https:\/\/www.focolare.org\/es\/wp-json\/wp\/v2\/users\/34"}],"replies":[{"embeddable":true,"href":"https:\/\/www.focolare.org\/es\/wp-json\/wp\/v2\/comments?post=293652"}],"version-history":[{"count":0,"href":"https:\/\/www.focolare.org\/es\/wp-json\/wp\/v2\/posts\/293652\/revisions"}],"wp:attachment":[{"href":"https:\/\/www.focolare.org\/es\/wp-json\/wp\/v2\/media?parent=293652"}],"wp:term":[{"taxonomy":"category","embeddable":true,"href":"https:\/\/www.focolare.org\/es\/wp-json\/wp\/v2\/categories?post=293652"},{"taxonomy":"post_tag","embeddable":true,"href":"https:\/\/www.focolare.org\/es\/wp-json\/wp\/v2\/tags?post=293652"}],"curies":[{"name":"wp","href":"https:\/\/api.w.org\/{rel}","templated":true}]}}