{"id":293690,"date":"2004-05-20T22:00:00","date_gmt":"2004-05-20T20:00:00","guid":{"rendered":"https:\/\/www.focolare.org\/quiero-testimoniar-que-la-muerte-es-vida\/"},"modified":"2024-05-13T20:47:04","modified_gmt":"2024-05-13T18:47:04","slug":"quiero-testimoniar-que-la-muerte-es-vida","status":"publish","type":"post","link":"https:\/\/www.focolare.org\/es\/quiero-testimoniar-que-la-muerte-es-vida\/","title":{"rendered":"Quiero testimoniar que la muerte es vida!"},"content":{"rendered":"<p><img decoding=\"async\" src=\"http:\/\/10.0.0.128\/2010focolare\/layout\/foto2004\/20040525b.jpg\" alt=\"\" align=\"left\" border=\"0\" hspace=\"8\" \/><em>\u201cLa vida de los santos es siempre un alimento precioso para la comunidad cristiana. \ufffdPor qu\u00e9 la vida de Renata? Porque descubri\u00f3 que Dios es Amor y desde ese momento su vida se vio incendiada por ese amor, hasta su muerte\u201d. <\/em>As\u00ed se expres\u00f3 el obispo de Fiesole, Mons. Luciano Giovanetti, el 18 de diciembre de 2003, ilustrando a los presentes los motivos que lo empujaron a pedir el inicio de la causa de canonizaci\u00f3n.<\/p>\n<p>En el gran sal\u00f3n S. Benito, repleto de amigos, en la ciudadela de Loppiano, en las colinas de Incisa, en el Valdarno (Florencia), el Obispo abri\u00f3 oficialmente el proceso de canonizaci\u00f3n de Renata Borlone (1930-1990), focolarina, co-responsable de la ciudadela de Loppiano desde 1967 a 1990. Una vida enteramente donada a Dios y a los hermanos a la luz de la espiritualidad de la unidad, que contin\u00faa dejando tras de s\u00ed una estela luminosa.<\/p>\n<p><strong>Qui\u00e9n era Renata<\/strong><br \/> Renata Borlone nace el 30 de mayo de 1930 en Aurelia, cerca de Roma. Crece en una familia no practicante, hacia los 14 a\u00f1os empieza a plantearse el problema de la existencia de Dios y a frecuentar la Iglesia. Sedienta de la verdad, se lanza en busca de Dios a trav\u00e9s de los estudios. Con 19 a\u00f1os entra en contacto con la vida evang\u00e9lica de algunas de las primeras focolarinas, que se acababan de transferir a Roma, y advierte una alegr\u00eda y una plenitud nunca antes experimentadas; se le hace evidente una certeza: \ufffdDios existe, Dios es Amor! Un descubrimiento fulgurante que transforma toda su vida. Empieza as\u00ed una extraordinaria aventura que durante 40 a\u00f1os la ver\u00e1 comprometida en la edificaci\u00f3n de esta nueva obra en la Iglesia. Muy pronto asume tareas de responsabilidad sea en Italia que en el extranjero. A partir de 1967 va a Loppiano como co-responsable de la ciudadela y encargada de la formaci\u00f3n espiritual de las focolarinas.<br \/> Muere el 27 de febrero de 1990, dejando a todos el ejemplo de su vida que nos cuestiona todav\u00eda hoy.<\/p>\n","protected":false},"excerpt":{"rendered":"<p>Testigos de hoy<\/p>\n","protected":false},"author":34,"featured_media":0,"comment_status":"open","ping_status":"open","sticky":false,"template":"","format":"standard","meta":{"give_campaign_id":0,"_seopress_robots_primary_cat":"","_seopress_titles_title":"","_seopress_titles_desc":"","_seopress_robots_index":"","_et_pb_use_builder":"","_et_pb_old_content":"","_et_gb_content_width":"","footnotes":""},"categories":[46],"tags":[],"class_list":["post-293690","post","type-post","status-publish","format-standard","hentry","category-sin-categorizar"],"_links":{"self":[{"href":"https:\/\/www.focolare.org\/es\/wp-json\/wp\/v2\/posts\/293690","targetHints":{"allow":["GET"]}}],"collection":[{"href":"https:\/\/www.focolare.org\/es\/wp-json\/wp\/v2\/posts"}],"about":[{"href":"https:\/\/www.focolare.org\/es\/wp-json\/wp\/v2\/types\/post"}],"author":[{"embeddable":true,"href":"https:\/\/www.focolare.org\/es\/wp-json\/wp\/v2\/users\/34"}],"replies":[{"embeddable":true,"href":"https:\/\/www.focolare.org\/es\/wp-json\/wp\/v2\/comments?post=293690"}],"version-history":[{"count":0,"href":"https:\/\/www.focolare.org\/es\/wp-json\/wp\/v2\/posts\/293690\/revisions"}],"wp:attachment":[{"href":"https:\/\/www.focolare.org\/es\/wp-json\/wp\/v2\/media?parent=293690"}],"wp:term":[{"taxonomy":"category","embeddable":true,"href":"https:\/\/www.focolare.org\/es\/wp-json\/wp\/v2\/categories?post=293690"},{"taxonomy":"post_tag","embeddable":true,"href":"https:\/\/www.focolare.org\/es\/wp-json\/wp\/v2\/tags?post=293690"}],"curies":[{"name":"wp","href":"https:\/\/api.w.org\/{rel}","templated":true}]}}