{"id":293702,"date":"2004-06-13T22:00:00","date_gmt":"2004-06-13T20:00:00","guid":{"rendered":"https:\/\/www.focolare.org\/devolver-a-dios-a-la-sociedad-a-la-cultura-y-a-la-politica-el-ideal-de-igino-giordani\/"},"modified":"2024-05-13T20:47:05","modified_gmt":"2024-05-13T18:47:05","slug":"devolver-a-dios-a-la-sociedad-a-la-cultura-y-a-la-politica-el-ideal-de-igino-giordani","status":"publish","type":"post","link":"https:\/\/www.focolare.org\/es\/devolver-a-dios-a-la-sociedad-a-la-cultura-y-a-la-politica-el-ideal-de-igino-giordani\/","title":{"rendered":"Devolver a Dios a la sociedad, a la cultura y a la pol\u00edtica: el ideal de Igino Giordani"},"content":{"rendered":"<p><img decoding=\"async\" src=\"http:\/\/10.0.0.128\/2010focolare\/layout\/foto2004\/20040606a.jpg\" alt=\"\" align=\"right\" border=\"0\" hspace=\"8\" \/><em>Igino Giordani: con su vida se podr\u00eda volver a escribir la p\u00e1gina evang\u00e9lica de las bienaventuranzas.<\/em> Dijo Chiara Lubich, fundadora del Movimiento de los Focolares, el d\u00eda de la apertura oficial del proceso de beatificaci\u00f3n de esta personalidad <em>\u201cpolifac\u00e9tica\u201d: <\/em>escritor, periodista, pol\u00edtico, ecumenista, estudioso de los Padres de la Iglesia y de la doctrina social del cristianismo. La ceremonia tuvo lugar en la Catedral de San Pietro, en Francati, di\u00f3cesis donde Giordani concluy\u00f3 su vida terrena. Entre la multitud que colmaba la catedral, estaban presentes los hijos Sergio, Brando y Bonizza. La solemne concelebraci\u00f3n lit\u00fargica, que precedi\u00f3 la instalaci\u00f3n del tribunal eclesi\u00e1stico, fue precedida por el obispo de Frascati, Mons. Giuseppe Matarrese.<\/p>\n<p><em>\u201cGiordani atraves\u00f3 el siglo XX como protagonista \u2013 <\/em>dijo en la homil\u00eda Piero Coda, vicario episcopal-. <em>Particip\u00f3 en la reconstrucci\u00f3n de la Italia republicana como miembro de la Constituyente y como parlamentario\u201d, contribuy\u00f3 a preparar y despu\u00e9s a promover \u201ccon la vida y con la pluma\u201d <\/em>la primavera del Concilio. <em>\u201cEn \u00e9l ard\u00eda un deseo: devolver a Dios al mundo, a la sociedad, a la cultura\u201d.<\/em><\/p>\n<p align=\"justify\"><img decoding=\"async\" src=\"http:\/\/10.0.0.128\/2010focolare\/layout\/foto2004\/20040606b.jpg\" alt=\"\" align=\"left\" border=\"0\" hspace=\"8\" \/>Y ser\u00e1 despu\u00e9s del encuentro con el carisma de Chiara Lubich, a quien encontr\u00f3 en Montecitorio en 1948, que Giordani dir\u00e1: <em>\u201cSent\u00ed que pasaba del Cristo buscado, al Cristo vivo\u201d.<\/em>Con su vida \u2013afirm\u00f3 la fundadora de los Focolares interviniendo al final de la Misa- se podr\u00eda volver a escribir la p\u00e1gina evang\u00e9lica de las bienaventuranzas: <em>\u201cHa sido la pureza de coraz\u00f3n la que le afin\u00f3 y potenci\u00f3 los sentimientos m\u00e1s sagrados hacia su esposa y sus hijos\u201d. <\/em>Ha sido un <em>\u201cPobre de esp\u00edritu, por el desapego completo no s\u00f3lo de lo que pose\u00eda, sino sobre todo de lo que era\u201d. <\/em>Ha sido un <em>\u201cconstructor de paz, como documenta su historia de hombre pol\u00edtico\u201d.<\/em><\/p>\n<p>En Giordani Chiara Lubich reconoce a un co-fundador del Movimiento de los Focolares, que ha dado un impulso excepcional a los movimientos de vasto alcance, nacidos para la animaci\u00f3n cristiana del mundo de los j\u00f3venes, de la familia, de la pol\u00edtica, de la educaci\u00f3n, de la medicina, del arte.<\/p>\n<p align=\"justify\"><img decoding=\"async\" src=\"http:\/\/10.0.0.128\/2010focolare\/layout\/foto2004\/20040606c.jpg\" alt=\"\" align=\"right\" border=\"0\" hspace=\"8\" \/>Ha sido \u00e9l quien ha abierto de par en par un nuevo camino de consagraci\u00f3n para los casados que lo llev\u00f3 a experimentar <em>\u201clas alegr\u00edas de la contemplaci\u00f3n y de la vida m\u00edstica\u201d. <\/em>Superando finalmente ese<em> \u201cabismo\u201d <\/em>\u2013como \u00e9l lo llamaba- entre los religiosos que segu\u00edan \u2018el ideal de perfecci\u00f3n\u2019 y los laicos, que \u2013como dec\u00eda con una pizca de iron\u00eda- segu\u00edan \u2018el ideal de la imperfecci\u00f3n\u2019. <em>\u201cFue \u00e9l<\/em> \u2013sigui\u00f3 diciendo Chiara Lubich \u2013 <em>la personificaci\u00f3n de una de las finalidades m\u00e1s importantes de los Focolares: colaborar a la unificaci\u00f3n de las Iglesias\u201d.<\/em><\/p>\n<p>Giordani, adem\u00e1s de ser miembro de la Constituyente, hizo parte del Consejo de los pueblos de Europa en Estrasburgo. Es autor de 100 libros y de m\u00e1s de 4000 art\u00edculos. Entre sus obras m\u00e1s difundidas, traducida en muchos idiomas, incluso el chino, se encuentra el \u201cMensaje social del cristianismo\u201d. Ya en los a\u00f1os 1924-25 elabora y difunde ideas sobre <em>\u201cLa uni\u00f3n de las Iglesias\u201d<\/em> y sobre <em>\u201cLos Estados unidos de Europa\u201d. <\/em>El per\u00edodo que va de 1946 a 1953 es el m\u00e1s creativo, con iniciativas audaces y posiciones inc\u00f3modas para ese tiempo, como la objeci\u00f3n de conciencia, el no a los gastos militares, el no a la demonizaci\u00f3n de los comunistas.<\/p>\n<p> Una <em>\u201cingenuidad\u201d <\/em>-es una expresi\u00f3n suya- que pronto lo hizo salir del juego (no fue reelegido en 1953), pero que hoy hace que se le descubra, seg\u00fan el historiador Gabriele De Rosa, como <em>\u201cun pol\u00edtico de la anti-pol\u00edtica, no hecho para todas las estaciones, no disponible a las razones del poder por el poder\u201d.<\/em><\/p>\n<p>En los \u00faltimos a\u00f1os, en los dolores f\u00edsicos, debidos y agudizados por las heridas de guerra, gozaba de poderse<em> \u201cco-crucificar\u201d <\/em>con Cristo. Ten\u00eda una tal luminosidad en los ojos y afabilidad en el trato que infund\u00eda serenidad a todos e induc\u00eda a los peque\u00f1os a tratarlo como igual. Obtuvo del Cielo extraordinarias experiencias de uni\u00f3n con Dios y con Mar\u00eda, y tambi\u00e9n esas pruebas <em>\u201coscuras\u201d <\/em>del alma que el Se\u00f1or reserva a sus elegidos. Su <em>\u201cviaje\u201d<\/em> se convirti\u00f3 en un<em> \u201cvuelo\u201d<\/em> en Dios, que se concluy\u00f3 la noche del 18 de abril de 1980.<\/p>\n<p>Ha sido Mons. Pietro Garlato, entonces obispo de Tivoli, ciudad donde Igino Giordani naci\u00f3 en 1894, quien el a\u00f1o del gran Jubileo, tuvo la iniciativa de proponer \u201cun gesto significativo\u201d: <em>\u201cintroducir su causa de beatificaci\u00f3n, para que toda la Iglesia encuentre en \u00e9l un modelo, un testigo del Evangelio, y un modelo de comuni\u00f3n\u201d.<\/em><\/p>\n","protected":false},"excerpt":{"rendered":"<p>Testigos de hoy<\/p>\n","protected":false},"author":34,"featured_media":0,"comment_status":"open","ping_status":"open","sticky":false,"template":"","format":"standard","meta":{"give_campaign_id":0,"_seopress_robots_primary_cat":"","_seopress_titles_title":"","_seopress_titles_desc":"","_seopress_robots_index":"","_et_pb_use_builder":"","_et_pb_old_content":"","_et_gb_content_width":"","footnotes":""},"categories":[46],"tags":[],"class_list":["post-293702","post","type-post","status-publish","format-standard","hentry","category-sin-categorizar"],"_links":{"self":[{"href":"https:\/\/www.focolare.org\/es\/wp-json\/wp\/v2\/posts\/293702","targetHints":{"allow":["GET"]}}],"collection":[{"href":"https:\/\/www.focolare.org\/es\/wp-json\/wp\/v2\/posts"}],"about":[{"href":"https:\/\/www.focolare.org\/es\/wp-json\/wp\/v2\/types\/post"}],"author":[{"embeddable":true,"href":"https:\/\/www.focolare.org\/es\/wp-json\/wp\/v2\/users\/34"}],"replies":[{"embeddable":true,"href":"https:\/\/www.focolare.org\/es\/wp-json\/wp\/v2\/comments?post=293702"}],"version-history":[{"count":0,"href":"https:\/\/www.focolare.org\/es\/wp-json\/wp\/v2\/posts\/293702\/revisions"}],"wp:attachment":[{"href":"https:\/\/www.focolare.org\/es\/wp-json\/wp\/v2\/media?parent=293702"}],"wp:term":[{"taxonomy":"category","embeddable":true,"href":"https:\/\/www.focolare.org\/es\/wp-json\/wp\/v2\/categories?post=293702"},{"taxonomy":"post_tag","embeddable":true,"href":"https:\/\/www.focolare.org\/es\/wp-json\/wp\/v2\/tags?post=293702"}],"curies":[{"name":"wp","href":"https:\/\/api.w.org\/{rel}","templated":true}]}}