{"id":293704,"date":"2004-06-13T22:00:00","date_gmt":"2004-06-13T20:00:00","guid":{"rendered":"https:\/\/www.focolare.org\/chiara-lubich-igino-giordani-cristiano-y-cofundador\/"},"modified":"2024-05-13T20:47:05","modified_gmt":"2024-05-13T18:47:05","slug":"chiara-lubich-igino-giordani-cristiano-y-cofundador","status":"publish","type":"post","link":"https:\/\/www.focolare.org\/es\/chiara-lubich-igino-giordani-cristiano-y-cofundador\/","title":{"rendered":"Chiara Lubich: Igino Giordani cristiano y cofundador"},"content":{"rendered":"<p>Agradezco sobre todo a S.E. Mons. Giuseppe Matarrese, Obispo de Frascati, tambi\u00e9n en nombre del Movimiento de los Focolares, por el acontecimiento en el que estamos participando: el anuncio solemne del comienzo de la causa de beatificaci\u00f3n de Igino Giordani.<br \/> Saludo de coraz\u00f3n a los afortunados hijos, a la hija y a los dem\u00e1s parientes del honorable Igino Giordani, ahora Siervo de Dios.<br \/> Estamos agradecidos por la presencia del alcalde de Frascati, el Sr. Francesco Posa y los otros alcaldes, as\u00ed como de toda la ciudadan\u00eda, que se muestra interesada por este cristiano colmado de muchos testimonios en la \u00abciudad del hombre\u00bb.<br \/> Comparto la alegr\u00eda de todos los miembros del Movimiento de los Focolares, aqu\u00ed reunidos.<\/p>\n<p>Con la instauraci\u00f3n del tribunal eclesi\u00e1stico, comienza la fase diocesana del proceso can\u00f3nico. A cada uno de sus componentes, aqu\u00ed presentes, les aseguro mi apoyo y el de todos nosotros a trav\u00e9s de la oraci\u00f3n en su delicado trabajo, y nuestra colaboraci\u00f3n activa en todo cuanto pueda ser \u00fatil.<\/p>\n<p>En esta ocasi\u00f3n tan especial, espero que les agrade que por mi parte diga unas palabras sobre el honorable Igino Giordani.<\/p>\n<p>Como ya se sabe, \u00e9l fue una eminente personalidad cat\u00f3lica poli\u00e9drica, que siempre ha unido a su compromiso pol\u00edtico una intensa y fecunda actividad cultural como periodista y escritor, apologista y hagi\u00f3grafo, estudioso insigne de los Padres de la Iglesia y de la doctrina social del cristianismo.<br \/> Se podr\u00eda y deber\u00eda hablar extensamente de los diferentes cometidos que han hecho famoso al honorable Igino Giordani.<\/p>\n<p>Pero hoy, en este lugar sagrado y en esta circunstancia especial, me parece que tengo que hablar de \u00e9l, sobre todo como cristiano, como focolarino y cofundador del Movimiento de los Focolares: acci\u00f3n, esta \u00faltima, que desarroll\u00f3 en el arco de los \u00faltimos treinta y dos a\u00f1os de su vida.<\/p>\n<p><strong>Giordani cristiano<\/strong><\/p>\n<p>Alguien dijo que si el Evangelio desapareciese de todos los puntos de la tierra, el cristiano tendr\u00eda que ser tal, que quien lo viera vivir, podr\u00eda volver a escribir el Evangelio.<br \/> Cuando Igino Giordani parti\u00f3 de esta tierra, se ley\u00f3 en la Misa del d\u00eda la p\u00e1gina de las bienaventuranzas. Pues bien: cuantos lo hab\u00edan conocido a fondo estaban de acuerdo en afirmar que \u00e9l las hab\u00eda vivido a todas.<br \/> \u00abBienaventurados los puros de coraz\u00f3n\u00bb. Fue esta pureza la que le hizo definir la existencia terrenal del hombre, siempre acompa\u00f1ada por el amor providencial de Dios, como una aventura divina. Fue la misma pureza de coraz\u00f3n la que le afin\u00f3 los sentimientos m\u00e1s sagrados y se los potenci\u00f3: hacia su mujer, hacia sus amados hijos.<br \/> \u00c9l fue un \u00abpobre de esp\u00edritu\u00bb por el desapego total que ten\u00eda, no s\u00f3lo de todo lo que pose\u00eda, sino, sobre todo, de cuanto \u00e9l mismo era.<br \/> Su coraz\u00f3n estaba cargado de \u00abmisericordia\u00bb: acerc\u00e1ndose a \u00e9l, hasta el pecador m\u00e1s miserable se sent\u00eda perdonado y revestido de dignidad.<br \/> Fue siempre un \u00aboperador de paz\u00bb, como documenta su historia de hombre pol\u00edtico.<br \/> De car\u00e1cter fuerte e impetuoso, lleg\u00f3 a poseer una tal \u00abmansedumbre\u00bb que hac\u00eda entender que quien tiene esta virtud posee la tierra, como afirma el Evangelio. Con la gentileza m\u00e1s refinada, con esas exquisitas palabras suyas, conquistaba a todos los que ten\u00edan contacto con \u00e9l.<br \/> Y &#8230; podr\u00edamos continuar&#8230;<\/p>\n<p><strong>Giordani focolarino<\/strong><\/p>\n<p>Cristiano de primer orden, culto, apologista, ap\u00f3stol, cuando le pareci\u00f3 que hab\u00eda encontrado un manantial de agua genuina, que manaba de la Iglesia, supo posponer todo para seguir a Jes\u00fas, que lo llamaba.<br \/> Por lo que, si Giordani fue un verdadero cristiano, fue tambi\u00e9n un cristiano con un camino especial. Dios lo llam\u00f3 a ser focolarino.<br \/> Personific\u00f3 el nombre de batalla con el que se le llamaba entre nosotros: \u00abFoco\u00bb, fuego, es decir, ese amor hacia Dios y hacia el pr\u00f3jimo, sobrenatural y natural, que es el v\u00e9rtice de la vida cristiana.<\/p>\n<p>Siempre hab\u00eda esperado que se le abriese alg\u00fan camino para realizar su deseo de consagraci\u00f3n total a Dios, a pesar de su condici\u00f3n de casado. Y en el 1948 se encontr\u00f3 con el Movimiento de los Focolares.<br \/> A trav\u00e9s de la espiritualidad de la unidad, t\u00edpica de esta Obra, se puede leer el Evangelio en su persona.<\/p>\n<p>Para que Cristo viviese en \u00e9l, para realizar la plena comuni\u00f3n con los hermanos que El pide, supo morir realmente a s\u00ed mismo, como lo expresa en un escrito po\u00e9tico de1951:<\/p>\n<p>\u00abMe he dispuesto a morir,<br \/> y lo que suceda ya no me importa;<br \/> ahora quiero desaparecer<br \/> en el coraz\u00f3n abandonado de Jes\u00fas.<\/p>\n<p>Todo este penar<br \/> Por la avaricia y la vanidad<br \/> En el amor desaparece:<br \/> He conquistado mi libertad.<\/p>\n<p>Me he dispuesto a morir<br \/> a esta muerte que ya no muere:<br \/> Ahora quiero gozar<br \/> Con Dios en su eterna juventud.\u00bb<\/p>\n<p>Pero, aunque Giordani conoci\u00f3 la asc\u00e9tica cristiana, no le faltaron las alegr\u00edas de la contemplaci\u00f3n y de la vida m\u00edstica.<br \/> Dice Luis Mar\u00eda Grignion de Montfort, hablando de las personas que la Virgen ama de una manera especial, que el don principal que \u00e9stas alcanzan es la realizaci\u00f3n aqu\u00ed en la tierra de la vida de Mar\u00eda en sus almas, de tal modo que ya no es el alma quien vive, sino Mar\u00eda en ellas, o si se quiere de otro modo, el alma de Mar\u00eda llega a ser la de ellos.<br \/> Escribe Giordani en 1957: \u00abla tarde del primero de octubre, mes sagrado a Mar\u00eda, despu\u00e9s de las oraciones, de golpe el alma se desaloj\u00f3 de cosas y criaturas humanas; y en su lugar entr\u00f3 Mar\u00eda, con Jes\u00fas desangrado, y toda la estancia del alma se llen\u00f3 de su figura de dolor y de amor. (&#8230;)<br \/> Durante 24 horas, Ella estuvo, como altar que rige la V\u00edctima: Virgo altare Christi. Mi alma era su estancia: el templo. (&#8230;) Tanto que me vino a los labios: \u2019Ya no vivo yo, sino que Mar\u00eda vive en m\u00ed\u2019.<\/p>\n<p>Su presencia, de alg\u00fan modo, hab\u00eda virginizado mi alma: marianizado mi persona. El yo hab\u00eda muerto y en su lugar hab\u00eda nacido Mar\u00eda. De modo que ya no sent\u00eda la necesidad de que no sent\u00eda m\u00e1s la necesidad de llevar la mirada a las im\u00e1genes de las calles o a las im\u00e1genes de la Virgen; me bastaba con volver los ojos del alma hacia el interior de m\u00ed mismo para descubrir, en lugar del \u00eddolo s\u00f3rdido y grotesco de siempre, la Toda Hermosa: la Madre del Amor Hermoso. E incluso este pobre cuerpo dolorido me parec\u00eda una especie de catedral (\u2026).<br \/> Si no soy el \u00faltimo miserable, tengo que hacerme santo: estar en armon\u00eda con esta realidad.\u00bb<\/p>\n<p><strong>Giordani cofundador<\/strong><\/p>\n<p>Tambi\u00e9n fue cofundador del Movimiento de los focolares. El fue quien abri\u00f3 de par en par el focolar a los casados, haciendo efectivo ese proyecto, antes s\u00f3lo intuido, de una convivencia de v\u00edrgenes y casados, estos \u00faltimos de acuerdo a su propio estado.<br \/> Fue \u00e9l quien dio un impulso excepcional al nacimiento de las ramificaciones de esta Obra que son los Movimientos de amplio alcance, como el \u00abMovimiento Familias Nuevas\u00bb, \u00abJ\u00f3venes por un mundo unido\u00bb, \u00abHumanidad Nueva\u00bb, la cual se dedica a animar con el genuino esp\u00edritu cristiano el mundo del trabajo, del arte, de la medicina, de la escuela, de la pol\u00edtica&#8230;<br \/> El dio inicio con otros diputados el \u00abCentro Santa Catalina\u00bb precisamente para animar la pol\u00edtica con el esp\u00edritu del Movimiento.<br \/> El fue la personificaci\u00f3n de uno de los objetivos m\u00e1s importantes de esta Obra: contribuir a la unificaci\u00f3n de las Iglesias, dirigiendo durante a\u00f1os el \u00abCentro Uno\u00bb ecum\u00e9nico.<br \/> El ayud\u00f3 sobre todo al Movimiento a plantar ra\u00edces s\u00f3lidas en la Iglesia, de manera que, todav\u00eda en vida, lo vio extender sus ramas en los cinco continentes con todo el bien que se puede imaginar, si se considera su esp\u00edritu evang\u00e9lico, que subraya la fraternidad universal, la unidad entre todos los hombres.<\/p>\n<p>Giordani fue uno de los mayores dones que Dios ha hecho a nuestro Movimiento.<\/p>\n<p>Y ahora, para concluir, quiero recordar con ustedes uno de sus \u00faltimos d\u00edas.<br \/> Se hab\u00eda agravado. Le hab\u00eda llevado una foto a colores del santo Padre con una bella bendici\u00f3n y firma aut\u00f3grafa.<br \/> Esto le hizo feliz, y entre un sopor y otro, dijo: \u00ab\ufffdhoy es una gran fiesta! \ufffdQui\u00e9n se lo esperaba?\u00bb.<br \/> Y mientras el padre Antonio Petrilli &#8211; uno de los primeros focolarinos sacerdotes, que lo cuidaba en sus \u00faltimos a\u00f1os y que ahora est\u00e1 con \u00e9l en la Otra Vida &#8211; colgaba la bendici\u00f3n enmarcada en la pared, a\u00f1adi\u00f3: \u00abTengo la idea de estar en el Para\u00edso\u00bb.<br \/> A mi pregunta de si quer\u00eda que escuch\u00e1semos la Misa juntos y renov\u00e1semos el Pacto de unidad del focolarino, exclam\u00f3: \ufffdQue maravilloso! Este es un don que se agrega\u00bb.<br \/> Y en otro momento: \u00abTengo siempre presente a Dios con este nombre: Donator\u00bb; y cit\u00f3 algunos dones que le hab\u00eda hecho.<br \/> A mi pregunta de si le gustar\u00eda ir al Para\u00edso, hizo un gesto con la cabeza como para decir: \ufffdojal\u00e1! Despu\u00e9s, varias veces, con una sonrisa \u00fanica, a\u00f1adi\u00f3: \u00ab\ufffdEsto es el Para\u00edso! \ufffdque puede existir m\u00e1s maravilloso?\u00bb.<br \/> Refiri\u00e9ndose otra vez a la bendici\u00f3n del Papa, susurr\u00f3: \u00abNo se puede expresar el don que ha sido; m\u00e1s lo pienso, m\u00e1s me pierdo&#8230;\u00bb.<br \/> Y despu\u00e9s de la santa Misa con la indulgencia plenaria, afirm\u00f3: \u00abTodo est\u00e1 completo\u00bb.<br \/> Hoy Giordani est\u00e1 aqu\u00ed presente entre todos nosotros.<\/p>\n","protected":false},"excerpt":{"rendered":"<p>Testigos de hoy<\/p>\n","protected":false},"author":34,"featured_media":0,"comment_status":"open","ping_status":"open","sticky":false,"template":"","format":"standard","meta":{"give_campaign_id":0,"_seopress_robots_primary_cat":"","_seopress_titles_title":"","_seopress_titles_desc":"","_seopress_robots_index":"","_et_pb_use_builder":"","_et_pb_old_content":"","_et_gb_content_width":"","footnotes":""},"categories":[46],"tags":[],"class_list":["post-293704","post","type-post","status-publish","format-standard","hentry","category-sin-categorizar"],"_links":{"self":[{"href":"https:\/\/www.focolare.org\/es\/wp-json\/wp\/v2\/posts\/293704","targetHints":{"allow":["GET"]}}],"collection":[{"href":"https:\/\/www.focolare.org\/es\/wp-json\/wp\/v2\/posts"}],"about":[{"href":"https:\/\/www.focolare.org\/es\/wp-json\/wp\/v2\/types\/post"}],"author":[{"embeddable":true,"href":"https:\/\/www.focolare.org\/es\/wp-json\/wp\/v2\/users\/34"}],"replies":[{"embeddable":true,"href":"https:\/\/www.focolare.org\/es\/wp-json\/wp\/v2\/comments?post=293704"}],"version-history":[{"count":0,"href":"https:\/\/www.focolare.org\/es\/wp-json\/wp\/v2\/posts\/293704\/revisions"}],"wp:attachment":[{"href":"https:\/\/www.focolare.org\/es\/wp-json\/wp\/v2\/media?parent=293704"}],"wp:term":[{"taxonomy":"category","embeddable":true,"href":"https:\/\/www.focolare.org\/es\/wp-json\/wp\/v2\/categories?post=293704"},{"taxonomy":"post_tag","embeddable":true,"href":"https:\/\/www.focolare.org\/es\/wp-json\/wp\/v2\/tags?post=293704"}],"curies":[{"name":"wp","href":"https:\/\/api.w.org\/{rel}","templated":true}]}}