{"id":293708,"date":"2004-06-17T22:00:00","date_gmt":"2004-06-17T20:00:00","guid":{"rendered":"https:\/\/www.focolare.org\/imagina-un-mundo-enriquecido-por-la-diversidad-en-directo-via-satelite-y-via-internet\/"},"modified":"2024-05-13T20:47:06","modified_gmt":"2024-05-13T18:47:06","slug":"imagina-un-mundo-enriquecido-por-la-diversidad-en-directo-via-satelite-y-via-internet","status":"publish","type":"post","link":"https:\/\/www.focolare.org\/es\/imagina-un-mundo-enriquecido-por-la-diversidad-en-directo-via-satelite-y-via-internet\/","title":{"rendered":"\u00abImagina un mundo\u2026 enriquecido por la diversidad\u00bb- En DIRECTO v\u00eda sat\u00e9lite y v\u00eda Internet"},"content":{"rendered":"<p>\u00a0<img decoding=\"async\" src=\"http:\/\/10.0.0.128\/2010focolare\/layout\/foto2004\/20040619a.jpg\" alt=\"\" align=\"right\" border=\"0\" hspace=\"8\" \/>Est\u00e1 suscitando un amplio inter\u00e9s, en Londres, la capital de Europa m\u00e1s cosmopolita, y en toda Gran Breta\u00f1a, el evento con el t\u00edtulo: <em><strong>\u201cImagina un mundo\u2026 enriquecido por la diversidad\u201d.<\/strong><\/em><strong><\/strong> A trav\u00e9s de ponencias, reflexiones, testimonios, espacios art\u00edsticos, este encuentro quiere expresar el compromiso com\u00fan de cristianos de diversas Iglesias y comunidades eclesiales, y de seguidores de varias religiones, de construir un mundo de paz y unidad en la fraternidad. Es significativa la elecci\u00f3n del lugar: el hist\u00f3rico Westminster Central Hall, donde en 1946 tuvo lugar la primera Asamblea General de las Naciones Unidas, y en 1931 tom\u00f3 la palabra el Mahatma Gandhi.  Chiara Lubich, en su exposici\u00f3n, afrontar\u00e1 un interrogante cada vez m\u00e1s difundido: <strong>\u201c\ufffdCu\u00e1l es el futuro de una sociedad multi\u00e9tnica, multicultural y multireligiosa?\u201d.<\/strong>Premio UNESCO por la Educaci\u00f3n a la paz en 1996, fundadora y Presidente del Movimiento de los Focolares, Chiara Lubich, precisamente en Londres, con ocasi\u00f3n de la entrega del Premio Templeton por el progreso de la religi\u00f3n, en 1977, dio un impulso decisivo al di\u00e1logo interreligioso, en el que desde entonces se ha comprometido el Movimiento de los Focolares, en los 5 continentes.  Se esperan unas 2000 personas de varias Iglesias, y una representaci\u00f3n de varias religiones, entre las cuales Musulmanes, Siks, Hind\u00fas. <strong>Entre las personalidades que han confirmado su participaci\u00f3n se encuentran: <\/strong>el l\u00edder sikh, Bhai Sahib Ji Mohinder Singh de Birmigham; el Dr. Zaki Badawi, Presidente del Consejo de los Im\u00e1n y de las Mezquitas de Gran Breta\u00f1a; la se\u00f1ora Didi Athavale, l\u00edder del gran Movimiento hind\u00fa Swadhyaya Family. Estar\u00e1n presentes tambi\u00e9n el obispo anglicano Tom Butler, dirigente de la organizaci\u00f3n: \u201cRed religiosa para Gran Breta\u00f1a\u201d, el arzobispo de Glasgow, Mario Conti, especialmente comprometido en el ecumenismo, la baronesa Shirley Williams, conocida personalidad, de los dem\u00f3cratas liberales de la C\u00e1mara de los Lord. <\/p>\n<p align=\"justify\"><img decoding=\"async\" src=\"http:\/\/10.0.0.128\/2010focolare\/layout\/foto2004\/20040619b.jpg\" alt=\"\" align=\"left\" border=\"0\" hspace=\"8\" \/><strong>El martes 15 de junio, Chiara Lubich fue recibida en audiencia en el Lambeth Palace por el <em>Arzobispo de Canterbury, Rowan Williams, <\/em><\/strong>Primado de la Iglesia de Inglaterra (anglicana) y Primer inter-pares entre los Primados de la Comuni\u00f3n Anglicana mundial. El Reverendo Williams empez\u00f3 su ministerio el 27 de febrero de 2003.<\/p>\n<p> La p\u00e1gina ecum\u00e9nica, en las relaciones con la Iglesia anglicana, tiene inicio en 1965 cuando algunos ministros <strong>anglicanos<\/strong> participaron en un encuentro en Grottaferrata (Roma) entre cat\u00f3licos y evang\u00e9lico-luteranos. Quedaron impresionados por la atm\u00f3sfera suscitada por el amor rec\u00edproco que los hac\u00eda reconocerse como hermanos y hermanas en Cristo. En Londres, en 1986, en el Lambeth Palace, el entonces Primado de la Iglesia de Inglaterra, el Arzobispo <em>Michael Ramsey,<\/em> encontrando a Chiara, le dijo: <em>\u00abVeo la mano de Dios en esta Obra\u00bb <\/em>y la anim\u00f3 a difundir la espiritualidad del Movimiento en la Iglesia de Inglaterra. <strong>Lo mismo que han hecho sus sucesores: <em>Coggan, Runcie y Carey. <\/em><\/strong> <\/p>\n<p align=\"justify\"><img decoding=\"async\" src=\"http:\/\/10.0.0.128\/2010focolare\/layout\/foto2004\/20040619c.jpg\" alt=\"\" align=\"right\" border=\"0\" hspace=\"8\" \/><strong>Al d\u00eda siguiente, mi\u00e9rcoles 16, por invitaci\u00f3n del Rector del St. Mary\u2019s College de la Universidad Estatal de Surrey<\/strong> (Londres), Chiara Lubich desarroll\u00f3 una lecci\u00f3n sobre <em>\u201cLos nuevos Movimientos y el perfil mariano\u201d, <\/em>como conclusi\u00f2n de un ciclo sobre \u201cMisi\u00f2n y evangelizaci\u00f3n\u201d dedicado el a\u00f1o pasado a los Cardenales Connell, Pulic, Grinze, Napier, Williams, Daly, O\u2019Connor, Stafford, y este a\u00f1o a los Movimientos, comunidades y caminos eclesiales.<\/p>\n<div align=\"right\">\u00a0<\/div>\n","protected":false},"excerpt":{"rendered":"<p>Viaje a Inglaterra \/1<\/p>\n","protected":false},"author":34,"featured_media":0,"comment_status":"open","ping_status":"open","sticky":false,"template":"","format":"standard","meta":{"give_campaign_id":0,"_seopress_robots_primary_cat":"","_seopress_titles_title":"","_seopress_titles_desc":"","_seopress_robots_index":"","_et_pb_use_builder":"","_et_pb_old_content":"","_et_gb_content_width":"","footnotes":""},"categories":[904],"tags":[],"class_list":["post-293708","post","type-post","status-publish","format-standard","hentry","category-focolare-worldwide-2-2"],"_links":{"self":[{"href":"https:\/\/www.focolare.org\/es\/wp-json\/wp\/v2\/posts\/293708","targetHints":{"allow":["GET"]}}],"collection":[{"href":"https:\/\/www.focolare.org\/es\/wp-json\/wp\/v2\/posts"}],"about":[{"href":"https:\/\/www.focolare.org\/es\/wp-json\/wp\/v2\/types\/post"}],"author":[{"embeddable":true,"href":"https:\/\/www.focolare.org\/es\/wp-json\/wp\/v2\/users\/34"}],"replies":[{"embeddable":true,"href":"https:\/\/www.focolare.org\/es\/wp-json\/wp\/v2\/comments?post=293708"}],"version-history":[{"count":0,"href":"https:\/\/www.focolare.org\/es\/wp-json\/wp\/v2\/posts\/293708\/revisions"}],"wp:attachment":[{"href":"https:\/\/www.focolare.org\/es\/wp-json\/wp\/v2\/media?parent=293708"}],"wp:term":[{"taxonomy":"category","embeddable":true,"href":"https:\/\/www.focolare.org\/es\/wp-json\/wp\/v2\/categories?post=293708"},{"taxonomy":"post_tag","embeddable":true,"href":"https:\/\/www.focolare.org\/es\/wp-json\/wp\/v2\/tags?post=293708"}],"curies":[{"name":"wp","href":"https:\/\/api.w.org\/{rel}","templated":true}]}}