{"id":293712,"date":"2004-06-24T22:00:00","date_gmt":"2004-06-24T20:00:00","guid":{"rendered":"https:\/\/www.focolare.org\/del-dialogo-entre-las-religiones-una-estrategia-de-fraternidad-para-un-mundo-nuevo\/"},"modified":"2024-05-13T20:47:07","modified_gmt":"2024-05-13T18:47:07","slug":"del-dialogo-entre-las-religiones-una-estrategia-de-fraternidad-para-un-mundo-nuevo","status":"publish","type":"post","link":"https:\/\/www.focolare.org\/es\/del-dialogo-entre-las-religiones-una-estrategia-de-fraternidad-para-un-mundo-nuevo\/","title":{"rendered":"Del di\u00e1logo entre las religiones, una estrategia de fraternidad para un mundo nuevo"},"content":{"rendered":"<p>&nbsp;  <img decoding=\"async\" src=\"http:\/\/10.0.0.128\/2010focolare\/layout\/foto2004\/20040620e.jpg\" alt=\"\" align=\"right\" border=\"0\" hspace=\"8\" \/><strong>\u201c\u00bfCu\u00e1l futuro para una sociedad multi\u00e9tnica, multicultural y multireligiosa?<\/strong>  Es un interrogante cada vez m\u00e1s difundido y particularmente vivo en la sociedad inglesa, la m\u00e1s cosmopolita de Europa, el afrontado por Chiara Lubich en el Westminster Central Hall, el s\u00e1bado en la tarde ante m\u00e1s de 2000 personas, entre las cuales el Card. Murphy O\u2019 Connor, arzobispo de Londres, personalidades musulmanas, budistas y sijs. El t\u00edtulo del encuentro, promovido por el Movimiento de los Focolares de Gran Breta\u00f1a era: \u201cImagina un mundo&#8230; enriquecido por la diversidad\u201d.  <strong>Una estrategia de fraternidad para dar un vuelco a las relaciones internacionales<\/strong>  Mientras muchos hablan de la amenaza de un choque entre civilizaciones debido al terrorismo, la fundadora de los Focolares indic\u00f3 el remedio preventivo en el di\u00e1logo interreligioso. No s\u00f3lo. A partir de este di\u00e1logo \u2013dijo- puede empezar una \u201cestrategia de fraternidad, capaz de se\u00f1alar un vuelco en las relaciones internacionales\u201d. <\/p>\n<p align=\"justify\"><img decoding=\"async\" src=\"http:\/\/10.0.0.128\/2010focolare\/layout\/foto2004\/20040620d.jpg\" alt=\"\" align=\"left\" border=\"0\" hspace=\"8\" \/><strong>De la sociedad multi\u00e9tnica y multirreligiosa puede nacer un mundo nuevo<\/strong>  Haciendo una comparaci\u00f3n entre nuestro tiempo caracterizado por tan profundas transformaciones y el de San Agust\u00edn de Hipona, quien fue testigo del trastorno de su sociedad, por la presi\u00f3n de las migraciones de los pueblos, Chiara Lubich afirm\u00f3 que lo que est\u00e1 ocurriendo es \u201cel nacimiento de un mundo nuevo\u201d. El mundo nuevo del tercer milenio, para Chiara Lubich, ser\u00e1 la unidad de la familia humana, enriquecida por las diversidades, seg\u00fan el designio de Dios. El boceto ya se pudo entrever en el denso intercambio de testimonios, de cantos, y de danzas que iban desde los colores y ritmos orientales y africanos, a las intervenciones de representantes de varias religiones, como la del Im\u00e1n iran\u00ed, Mohammed Somali, y de la se\u00f1ora Didi Athavale, l\u00edder del gran Movimiento hind\u00fa \u201cSwadyaya Family\u201d.  <strong>\u00bfC\u00f3mo actuar el di\u00e1logo entre las religiones? <\/strong>  El di\u00e1logo debe estar animado por ese amor \u2013afirm\u00f3 Chiara Lubich- que llega a \u201cponerse en el lugar del otro\u201d, porque sabe hacerse una \u201cnada de amor\u201d delante del otro, sabe convertirse en ese espacio de acogida y escucha que prepara \u201cel respetuoso anuncio del Evangelio\u201d. Aqu\u00ed la fundadora de los Focolares record\u00f3 las palabras pronunciadas por Juan Pablo II en India: \u201cCuando nos abrimos el uno al otro, nos abrimos tambi\u00e9n a Dios, y actuamos de modo que Dios est\u00e9 presente en medio nuestro\u201d. Y \u00c9l es \u201cla fuerza secreta que le da vigor y \u00e9xito a nuestros esfuerzos, de llevar por doquier la unidad y la fraternidad universal\u201d.  <\/p>\n<p align=\"justify\"><img decoding=\"async\" src=\"http:\/\/10.0.0.128\/2010focolare\/layout\/foto2004\/20040620c.jpg\" alt=\"\" align=\"right\" border=\"0\" hspace=\"8\" \/><strong>Una visi\u00f3n compartida por l\u00edderes de varias religiones y por pol\u00edticos<\/strong>  Es lo que expresaron los otros l\u00edderes, desde el Im\u00e1n de Reino Unido, el Dr. Zaki Badawi, al jefe espiritual de los Sijs de Gran Breta\u00f1a y de Europa, Bai Shaib Mohinder Singh de Birmigham, quienes intervinieron enseguida despu\u00e9s de Chiara Lubich, junto a la baronesa Kathleen Richardson de la C\u00e1mara de los Lord, quien record\u00f3 como \u201censeguida despu\u00e9s de la guerra, la asamblea de la ONU se reuni\u00f3 por primera vez en asamblea plenaria precisamente en esa aula. La visi\u00f3n expresada hoy \u2013agreg\u00f3- es todav\u00eda m\u00e1s rica, porque no est\u00e1 construida s\u00f3lo sobre aspiraciones humanas, sino sobre la participaci\u00f3n en el amor de Dios\u201d. <strong>Las nuevas tecnolog\u00edas al servicio de la fraternidad entre los pueblos<\/strong>  Unidad y fraternidad universal. Es una experiencia viva all\u00ed en el Westminster Central Hall que, como dan testimonio fax y e-mail, ha llevado una ola de esperanza a muchos Pa\u00edses de las Am\u00e9ricas, Australia, Europa, Medio Oriente y el Norte de \u00c1frica, conectados v\u00eda sat\u00e9lite gracias a Telepace y por Internet. Algunos flash. Desde <strong>Bulgaria:<\/strong> \u201cNos hemos visto involucrados en esa fraternidad entre las religiones y culturas que queremos realizar tambi\u00e9n en nuestro Pa\u00eds donde est\u00e1n presentes casi un mill\u00f3n de musulmanes, quienes son para nosotros el recuerdo de una llaga del pasado\u201d. Desde <strong>Irlanda:<\/strong>\u201cHemos experimentado un fragmento de fraternidad universal realizada admirando la belleza y riqueza de tantos credos y culturas. Hoy se he marcado para nosotros el inicio de un nuevo camino lleno de esperanza, ahora que Irlanda se est\u00e1 volviendo cada vez m\u00e1s multicultural\u201d. Desde <strong>Estocolmo:<\/strong>\u201cHemos entrevisto la soluci\u00f3n de la violencia que hay en el mundo, una nueva esperanza de que la unidad y la paz son posibles\u201d.  <\/p>\n<p align=\"justify\"><img decoding=\"async\" src=\"http:\/\/10.0.0.128\/2010focolare\/layout\/foto2004\/20040619c.jpg\" alt=\"\" align=\"left\" border=\"0\" hspace=\"8\" \/><strong>Mi\u00e9rcoles 16, por invitaci\u00f3n del Rector del St. Mary\u2019s College de la Universidad Estatal de Surrey <\/strong>(Londres), Chiara Lubich desarroll\u00f3 una lecci\u00f3n sobre <em>\u201cLos nuevos Movimientos y el perfil mariano\u201d,<\/em> como conclusi\u00f2n de un ciclo sobre \u201cMisi\u00f2n y evangelizaci\u00f3n\u201d dedicado el a\u00f1o pasado a los Cardenales Connell, Pulic, Grinze, Napier, Williams, Daly, O\u2019Connor, Stafford, y este a\u00f1o a los Movimientos, comunidades y caminos eclesiales.  <\/p>\n","protected":false},"excerpt":{"rendered":"<p>Viaje a Inglaterra<\/p>\n","protected":false},"author":34,"featured_media":0,"comment_status":"open","ping_status":"open","sticky":false,"template":"","format":"standard","meta":{"give_campaign_id":0,"_seopress_robots_primary_cat":"","_seopress_titles_title":"","_seopress_titles_desc":"","_seopress_robots_index":"","_et_pb_use_builder":"","_et_pb_old_content":"","_et_gb_content_width":"","footnotes":""},"categories":[904],"tags":[],"class_list":["post-293712","post","type-post","status-publish","format-standard","hentry","category-focolare-worldwide-2-2"],"_links":{"self":[{"href":"https:\/\/www.focolare.org\/es\/wp-json\/wp\/v2\/posts\/293712","targetHints":{"allow":["GET"]}}],"collection":[{"href":"https:\/\/www.focolare.org\/es\/wp-json\/wp\/v2\/posts"}],"about":[{"href":"https:\/\/www.focolare.org\/es\/wp-json\/wp\/v2\/types\/post"}],"author":[{"embeddable":true,"href":"https:\/\/www.focolare.org\/es\/wp-json\/wp\/v2\/users\/34"}],"replies":[{"embeddable":true,"href":"https:\/\/www.focolare.org\/es\/wp-json\/wp\/v2\/comments?post=293712"}],"version-history":[{"count":0,"href":"https:\/\/www.focolare.org\/es\/wp-json\/wp\/v2\/posts\/293712\/revisions"}],"wp:attachment":[{"href":"https:\/\/www.focolare.org\/es\/wp-json\/wp\/v2\/media?parent=293712"}],"wp:term":[{"taxonomy":"category","embeddable":true,"href":"https:\/\/www.focolare.org\/es\/wp-json\/wp\/v2\/categories?post=293712"},{"taxonomy":"post_tag","embeddable":true,"href":"https:\/\/www.focolare.org\/es\/wp-json\/wp\/v2\/tags?post=293712"}],"curies":[{"name":"wp","href":"https:\/\/api.w.org\/{rel}","templated":true}]}}