{"id":293714,"date":"2004-06-24T22:00:00","date_gmt":"2004-06-24T20:00:00","guid":{"rendered":"https:\/\/www.focolare.org\/la-fraternidad-como-categoria-politica-antidoto-al-terrorismo-y-salvaguardia-del-bien-comun\/"},"modified":"2024-05-13T20:47:07","modified_gmt":"2024-05-13T18:47:07","slug":"la-fraternidad-como-categoria-politica-antidoto-al-terrorismo-y-salvaguardia-del-bien-comun","status":"publish","type":"post","link":"https:\/\/www.focolare.org\/es\/la-fraternidad-como-categoria-politica-antidoto-al-terrorismo-y-salvaguardia-del-bien-comun\/","title":{"rendered":"La fraternidad como categor\u00eda pol\u00edtica, ant\u00eddoto al terrorismo y salvaguardia del bien com\u00fan"},"content":{"rendered":"<p><img decoding=\"async\" src=\"http:\/\/10.0.0.128\/2010focolare\/layout\/foto2004\/20040628b.jpg\" alt=\"\" align=\"left\" border=\"0\" hspace=\"8\" \/><strong>De la libertad y la igualdad se habla mucho, pero \u00bfd\u00f3nde termin\u00f3 la fraternidad? <\/strong>Es este el interrogante central en la intervenci\u00f3n de Chiara Lubich en el palacio de Westminster, sede del Parlamento brit\u00e1nico. Estaban presentes tambi\u00e9n el Ministro de asuntos constitucionales, David Lammy, de origen africana y un miembro protestante del Partido Unionista de Irlanda del Norte.  Es la \u00faltima etapa del viaje de la fundadora de los Focolares a Gran Breta\u00f1a, despu\u00e9s de los encuentros con las m\u00e1ximas autoridades anglicanas y cat\u00f3licas y con l\u00edderes musulmanes, hind\u00faes y sijs, que han abierto perspectivas nuevas.  <strong>\u201cHoy existe un velo de escepticismo hacia la pol\u00edtica y no se sabe c\u00f3mo ir m\u00e1s all\u00e1. <\/strong>Ya ninguno quiere escuchar las campa\u00f1as electorales&#8230; El poder corrompe astutamente&#8230; \ufffdC\u00f3mo hacer para ir adelante manteniendo el poder y el objetivo del bien com\u00fan?\u201d Son algunos flash del di\u00e1logo entre los pol\u00edticos y Chiara Lubich. <\/p>\n<p align=\"justify\"><img decoding=\"async\" src=\"http:\/\/10.0.0.128\/2010focolare\/layout\/foto2004\/20040628a.jpg\" alt=\"\" align=\"right\" border=\"0\" hspace=\"8\" \/><strong>La visi\u00f3n de la pol\u00edtica presentada por la fundadora de los Focolares es decididamente innovadora. <\/strong>Se refiere al trinomio de la Revoluci\u00f3n Francesa y observa que la libertad y la igualdad, con el tiempo, \u201cse han convertido en principios jur\u00eddicos y son aplicados como verdaderas categor\u00edas pol\u00edticas\u201d. Pide el mismo reconocimiento para la fraternidad. S\u00f3lo juntos podr\u00e1n dar origen a una pol\u00edtica que responda a las necesidades m\u00e1s urgentes de hoy, incluido el terrorismo. Y se refiere a una de las causas fundamentales: la creciente diferencia entre ricos y pobres. S\u00f3lo la fraternidad puede hacer que se muevan los bienes y entre en acci\u00f3n la solidaridad.  <strong>\u00bfUtop\u00eda? Chiara Lubich cita hechos: son alrededor de 3000 los pol\u00edticos que han asumido la fraternidad como categor\u00eda pol\u00edtica en varios Pa\u00edses,<\/strong> desde Europa hasta Am\u00e9rica Latina. Forman el Movimiento Pol\u00edtico por la Unidad al cual ella dio inicio hace unos diez a\u00f1os. Ofrece su testimonio el diputado Giuseppe Gambale, italiano, quien habla de numerosas iniciativas. Citamos s\u00f3lo una: diputados de varias tendencias iniciaron \u201cun grupo de trabajo transversal sobre la reforma de la cooperaci\u00f3n internacional bloqueada desde hac\u00eda a\u00f1os en la Comisi\u00f3n del Ministerio de Relaciones Exteriores, descubriendo \u2013dice- varios puntos de convergencia entre las propuestas de ley ya presentadas. Una forma concreta para contribuir a afrontar los grandes desequilibrios econ\u00f3micos y sociales entre el norte y el sur del mundo\u201d.  <strong>En el marco de una pol\u00edtica cada vez m\u00e1s conflictiva, la fraternidad significa cambiar totalmente de actitud hacia los adversarios pol\u00edticos,<\/strong> dijo Chiara Lubich. \u201cSe toma conciencia de que toda ideolog\u00eda pol\u00edtica puede ser la respuesta a una necesidad social y por lo tanto es necesaria para el bien com\u00fan. La cr\u00edtica puede ser constructiva hasta llegar a poner en pr\u00e1ctica la aparente paradoja de amar el partido del otro como el propio, porque el bien del Pa\u00eds tiene necesidad del trabajo de todos\u201d. \u201cEs \u00e9sta la verdadera pol\u00edtica de la que cada Pa\u00eds tiene necesidad \u2013agreg\u00f3-. De hecho el poder otorga la fuerza, pero es el amor el que da la autoridad\u201d. Ha sido un encuentro que tendr\u00e1 una continuidad. Se prev\u00e9 en Londres el inicio de esos encuentros peri\u00f3dicos que ya tienen lugar en otros Pa\u00edses.<\/p>\n","protected":false},"excerpt":{"rendered":"<p>Viaje a Inglaterra\/2<\/p>\n","protected":false},"author":34,"featured_media":0,"comment_status":"open","ping_status":"open","sticky":false,"template":"","format":"standard","meta":{"give_campaign_id":0,"_seopress_robots_primary_cat":"","_seopress_titles_title":"","_seopress_titles_desc":"","_seopress_robots_index":"","_et_pb_use_builder":"","_et_pb_old_content":"","_et_gb_content_width":"","footnotes":""},"categories":[904],"tags":[],"class_list":["post-293714","post","type-post","status-publish","format-standard","hentry","category-focolare-worldwide-2-2"],"_links":{"self":[{"href":"https:\/\/www.focolare.org\/es\/wp-json\/wp\/v2\/posts\/293714","targetHints":{"allow":["GET"]}}],"collection":[{"href":"https:\/\/www.focolare.org\/es\/wp-json\/wp\/v2\/posts"}],"about":[{"href":"https:\/\/www.focolare.org\/es\/wp-json\/wp\/v2\/types\/post"}],"author":[{"embeddable":true,"href":"https:\/\/www.focolare.org\/es\/wp-json\/wp\/v2\/users\/34"}],"replies":[{"embeddable":true,"href":"https:\/\/www.focolare.org\/es\/wp-json\/wp\/v2\/comments?post=293714"}],"version-history":[{"count":0,"href":"https:\/\/www.focolare.org\/es\/wp-json\/wp\/v2\/posts\/293714\/revisions"}],"wp:attachment":[{"href":"https:\/\/www.focolare.org\/es\/wp-json\/wp\/v2\/media?parent=293714"}],"wp:term":[{"taxonomy":"category","embeddable":true,"href":"https:\/\/www.focolare.org\/es\/wp-json\/wp\/v2\/categories?post=293714"},{"taxonomy":"post_tag","embeddable":true,"href":"https:\/\/www.focolare.org\/es\/wp-json\/wp\/v2\/tags?post=293714"}],"curies":[{"name":"wp","href":"https:\/\/api.w.org\/{rel}","templated":true}]}}