{"id":293734,"date":"2004-08-28T20:00:00","date_gmt":"2004-08-28T18:00:00","guid":{"rendered":"https:\/\/www.focolare.org\/nuevos-horizontes-de-la-economia-de-comunion\/"},"modified":"2024-05-13T20:47:09","modified_gmt":"2024-05-13T18:47:09","slug":"nuevos-horizontes-de-la-economia-de-comunion","status":"publish","type":"post","link":"https:\/\/www.focolare.org\/es\/nuevos-horizontes-de-la-economia-de-comunion\/","title":{"rendered":"Nuevos Horizontes de la Econom\u00eda de Comuni\u00f3n"},"content":{"rendered":"<p align=\"justify\"><img decoding=\"async\" src=\"http:\/\/10.0.0.128\/2010focolare\/layout\/foto2004\/20040919a.jpg\" alt=\"\" align=\"right\" border=\"0\" hspace=\"8\" \/><strong>Nunca como en estos \u00faltimos a\u00f1os se advierte la fragilidad y <\/strong><em>la incapacidad de sostenerse del actual sistema econ\u00f3mico: <\/em>desde la quiebra financiera de grandes empresas a la crisis energ\u00e9tica, todo dice que la econom\u00eda, as\u00ed como la hemos concebido en los \u00faltimos dos siglos est\u00e1 gravemente enferma. Al mismo tiempo, nunca como en estos a\u00f1os la sociedad civil expresa <em>un florecimiento de nuevas formas de econom\u00eda social: <\/em>comercio equitativo, \u00e9tica financiera, consumo cr\u00edtico. Un fen\u00f3meno que hace entrever la posibilidad de una econom\u00eda y de y de un desarrollo sostenibles.  <strong>En este contexto se sit\u00faa la Econom\u00eda de comuni\u00f3n: <\/strong>El congreso internacional que tuvo lugar en Castelgandolfo del 10 al 12 de septiembre, present\u00f3 <em>un balance sobre los resultados alcanzados despu\u00e9s de m\u00e1s de una d\u00e9cada de experimentaci\u00f3n a escala internacional, y la perspectiva de nuevos horizontes.<\/em>  <strong>El congreso present\u00f3 las experiencias m\u00e1s significativas<\/strong> sobre <em>las ganancias compartidas por las empresas con los pobres; las tesis de graduaci\u00f3n, 130, <\/em>presentadas en Universidades de varios Pa\u00edses; <em>los pol\u00edgonos empresariales <\/em>surgidos en Am\u00e9rica Latina y el naciente en Italia. De hecho, estas son algunas de las realizaciones del proyecto de la Econom\u00eda de Comuni\u00f3n, lanzado por Chiara Lubich en Brasil en 1991, para responder al grave desequilibrio entre ricos y pobres. Uno de los temas m\u00e1s importantes ha sido: <em>\u201cPobreza y desarrollo en la perspectiva de la comuni\u00f3n\u201d.<\/em> La misma fundadora de los Focolares present\u00f3 el tema central:<em> \u201cNuevos horizontes de la Econom\u00eda de Comuni\u00f3n\u201d.<\/em>  <strong>Otra novedad caracter\u00edstica del Congreso<\/strong> ha sido<em> el di\u00e1logo entre las distintas formas de econom\u00eda social actual en otros universos culturales. <\/em>Se presentaron experiencias de microcr\u00e9dito inspiradas en la <em>econom\u00eda gandhiana, <\/em>otras experiencias innovadoras en el campo econ\u00f3mico, originadas en la <em>cultura hind\u00fa y jainista.<\/em> Se propusieron estilos de vida caracterizados por la sobriedad, entre los cuales la experiencia holandesa de la<em> \u201cEconomy of enough\u201d. <\/em>Intervinieron en este di\u00e1logo expertos en econom\u00eda social a nivel internacional, como Michael Noughton y Stefano Zamagni, y otros expertos y empresarios de varios continentes y de distintas disciplinas.  <strong>\u201cNon s\u00f3lo econom\u00eda: para un humanismo de comuni\u00f3n\u201d, <\/strong>fue el t\u00edtulo de la \u00faltima sesi\u00f3n del Congreso que injert\u00f3 las realizaciones de este proyecto en el cuadro m\u00e1s amplio de un humanismo de comuni\u00f3n al que dan su aporte expertos en otros \u00e1mbitos como la ecolog\u00eda, la pol\u00edtica y la urban\u00edstica.  <\/p>\n","protected":false},"excerpt":{"rendered":"<p>Econom\u00eda de Comuni\u00f3n\/1<\/p>\n","protected":false},"author":34,"featured_media":0,"comment_status":"open","ping_status":"open","sticky":false,"template":"","format":"standard","meta":{"give_campaign_id":0,"_seopress_robots_primary_cat":"","_seopress_titles_title":"","_seopress_titles_desc":"","_seopress_robots_index":"","_et_pb_use_builder":"","_et_pb_old_content":"","_et_gb_content_width":"","footnotes":""},"categories":[46],"tags":[],"class_list":["post-293734","post","type-post","status-publish","format-standard","hentry","category-sin-categorizar"],"_links":{"self":[{"href":"https:\/\/www.focolare.org\/es\/wp-json\/wp\/v2\/posts\/293734","targetHints":{"allow":["GET"]}}],"collection":[{"href":"https:\/\/www.focolare.org\/es\/wp-json\/wp\/v2\/posts"}],"about":[{"href":"https:\/\/www.focolare.org\/es\/wp-json\/wp\/v2\/types\/post"}],"author":[{"embeddable":true,"href":"https:\/\/www.focolare.org\/es\/wp-json\/wp\/v2\/users\/34"}],"replies":[{"embeddable":true,"href":"https:\/\/www.focolare.org\/es\/wp-json\/wp\/v2\/comments?post=293734"}],"version-history":[{"count":0,"href":"https:\/\/www.focolare.org\/es\/wp-json\/wp\/v2\/posts\/293734\/revisions"}],"wp:attachment":[{"href":"https:\/\/www.focolare.org\/es\/wp-json\/wp\/v2\/media?parent=293734"}],"wp:term":[{"taxonomy":"category","embeddable":true,"href":"https:\/\/www.focolare.org\/es\/wp-json\/wp\/v2\/categories?post=293734"},{"taxonomy":"post_tag","embeddable":true,"href":"https:\/\/www.focolare.org\/es\/wp-json\/wp\/v2\/tags?post=293734"}],"curies":[{"name":"wp","href":"https:\/\/api.w.org\/{rel}","templated":true}]}}