{"id":293744,"date":"2004-09-09T22:00:00","date_gmt":"2004-09-09T20:00:00","guid":{"rendered":"https:\/\/www.focolare.org\/jornada-de-la-interdependencia-las-personas-los-pueblos-los-estados-por-un-mundo-unido\/"},"modified":"2024-05-13T20:47:10","modified_gmt":"2024-05-13T18:47:10","slug":"jornada-de-la-interdependencia-las-personas-los-pueblos-los-estados-por-un-mundo-unido","status":"publish","type":"post","link":"https:\/\/www.focolare.org\/es\/jornada-de-la-interdependencia-las-personas-los-pueblos-los-estados-por-un-mundo-unido\/","title":{"rendered":"Jornada de la Interdependencia. \u00abLas personas, los pueblos, los Estados por un mundo unido\u201d"},"content":{"rendered":"<p>&nbsp; <\/p>\n<p align=\"justify\"><img decoding=\"async\" src=\"http:\/\/10.0.0.128\/2010focolare\/layout\/foto2004\/20040910a.jpg\" alt=\"\" align=\"right\" border=\"0\" hspace=\"8\" \/><em>Ante el riesgo de un conflicto entre las civilizaciones, se abre camino la idea de la interdependencia positiva como clave para afrontar el gran reto del \u201csaber vivir juntos\u201d que presenta la sociedad postglobal. Con el fin de superar la visi\u00f3n de una interdependencia s\u00f3lo econ\u00f3mica, de los mercados y las finanzas, se presenta la interdependencia positiva entre las personas, los pueblos y los Estados, en vista de un futuro de paz, de di\u00e1logo, de justicia social y de fraternidad universal.<\/em>  <strong>La iniciativa<\/strong> El 11 y 12 de septiembre, se celebra en Roma la Segunda Jornada de la Interdependencia. La primera tuvo lugar el 12 de septiembre de 2003 en Filadelfia, por iniciativa de Benjam\u00edn Barber, profesor de la Universidad de Maryland (USA) y fundador de la Asociaci\u00f3n Civ-World. La elecci\u00f3n de la fecha no es casual, trat\u00e1ndose del d\u00eda despu\u00e9s del 11 de septiembre en el que se recuerdan los ataques terroristas a las Torres Gemelas y al Pent\u00e1gono. En el proyecto del Civ-World dicha fecha pareci\u00f3 la m\u00e1s apropiada por hacer referencia a la nueva realidad interdependiente que estos ataques expresaron tan duramente.  <strong>El significado de la iniciativa<\/strong> es el de subrayar la interdependencia positiva, como clave para afrontar el gran reto del \u201csaber vivir juntos\u201d, como un valor necesario para la convivencia pac\u00edfica entre los hombres, que se ha de aplicar en la pol\u00edtica y a favor del cual hemos de comprometernos culturalmente. La interdependencia es la condici\u00f3n global en la cual hoy cada uno de nosotros, individualmente o como grupo, vive, trabaja, respira, piensa y tomar conciencia de ello acelera el camino positivo de la humanidad. Ante una interdependencia negativa organizada por el crimen o por el terrorismo; o una interdependencia s\u00f3lo econ\u00f3mica, de los mercados y de las finanzas, que no es capaz de evitar el riesgo del conflicto entre civilizaciones, la b\u00fasqueda de una interdependencia positiva entre los pueblos y las naciones contribuir\u00e1 a la maduraci\u00f3n de una cultura de la paz, del di\u00e1logo, de la solidaridad, y de la fraternidad universal.  <strong>El objetivo<\/strong> del evento es promover tambi\u00e9n en Italia y en Europa la idea de la interdependencia positiva entre las personas, los pueblos y los Estados, colaborando para identificar acciones comunes locales, nacionales, europeas y transnacionales.  <strong>Los promotores,<\/strong> junto con la <strong>Alcald\u00eda de Roma<\/strong> y al <strong>Movimiento Civ-World del prof. Barber,<\/strong> son: la \u201cAsociaci\u00f3n Cat\u00f3lica de Trabajadores Italianos <strong>(ACLI), Legambiente,<\/strong> el <strong>Movimiento Pol\u00edtico<\/strong> de la Unidad &#8211; <strong>Movimiento de los Focolares <\/strong>y la Comunidad de <strong>San Egidio.<\/strong> Realidades muy diversas que se han unido para responder juntas y adecuadamente, cada una seg\u00fan sus caracter\u00edsticas espec\u00edficas, a la necesidad de formar un \u201cciudadano global\u201d, que con sus virtudes c\u00edvicas tenga la capacidad de construir una \u201csociedad civil global\u201d, capaz de establecer una verdadera y mutua reciprocidad y un verdadero di\u00e1logo entre culturas y pueblos diferentes.  <strong>El programa <\/strong>se subdivide esencialmente en dos partes:  \ufffd una noche de conmemoraci\u00f3n de las v\u00edctimas del terrorismo y de toda guerra, en la que se dar\u00e1 espacio en especial al di\u00e1logo entre las grandes religiones monote\u00edstas (Plaza del Campidoglio); \ufffd una ma\u00f1ana de profundizaci\u00f3n en el concepto de interdependencia, confiado a testigos de relieve internacional y de distintas extracciones culturales (\u201cAuditorium de Roma\u201d).   <\/p>\n","protected":false},"excerpt":{"rendered":"<p>En memoria del 11 de Septiembre<\/p>\n","protected":false},"author":34,"featured_media":0,"comment_status":"open","ping_status":"open","sticky":false,"template":"","format":"standard","meta":{"give_campaign_id":0,"_seopress_robots_primary_cat":"","_seopress_titles_title":"","_seopress_titles_desc":"","_seopress_robots_index":"","_et_pb_use_builder":"","_et_pb_old_content":"","_et_gb_content_width":"","footnotes":""},"categories":[904],"tags":[],"class_list":["post-293744","post","type-post","status-publish","format-standard","hentry","category-focolare-worldwide-2-2"],"_links":{"self":[{"href":"https:\/\/www.focolare.org\/es\/wp-json\/wp\/v2\/posts\/293744","targetHints":{"allow":["GET"]}}],"collection":[{"href":"https:\/\/www.focolare.org\/es\/wp-json\/wp\/v2\/posts"}],"about":[{"href":"https:\/\/www.focolare.org\/es\/wp-json\/wp\/v2\/types\/post"}],"author":[{"embeddable":true,"href":"https:\/\/www.focolare.org\/es\/wp-json\/wp\/v2\/users\/34"}],"replies":[{"embeddable":true,"href":"https:\/\/www.focolare.org\/es\/wp-json\/wp\/v2\/comments?post=293744"}],"version-history":[{"count":0,"href":"https:\/\/www.focolare.org\/es\/wp-json\/wp\/v2\/posts\/293744\/revisions"}],"wp:attachment":[{"href":"https:\/\/www.focolare.org\/es\/wp-json\/wp\/v2\/media?parent=293744"}],"wp:term":[{"taxonomy":"category","embeddable":true,"href":"https:\/\/www.focolare.org\/es\/wp-json\/wp\/v2\/categories?post=293744"},{"taxonomy":"post_tag","embeddable":true,"href":"https:\/\/www.focolare.org\/es\/wp-json\/wp\/v2\/tags?post=293744"}],"curies":[{"name":"wp","href":"https:\/\/api.w.org\/{rel}","templated":true}]}}