{"id":293748,"date":"2004-09-12T22:00:00","date_gmt":"2004-09-12T20:00:00","guid":{"rendered":"https:\/\/www.focolare.org\/atravesar-los-confines-de-la-propia-iglesia\/"},"modified":"2024-05-13T20:47:11","modified_gmt":"2024-05-13T18:47:11","slug":"atravesar-los-confines-de-la-propia-iglesia","status":"publish","type":"post","link":"https:\/\/www.focolare.org\/es\/atravesar-los-confines-de-la-propia-iglesia\/","title":{"rendered":"Atravesar los confines de la propia Iglesia"},"content":{"rendered":"<p>\u00a0\u00a0<em>Despu\u00e9s del Concilio Vaticano II se multiplicaron tambi\u00e9n en las parroquias las relaciones ecum\u00e9nicas entre comunidades de varias Iglesias.\u00a0 Rese\u00f1amos la experiencia de la parroquia Santa Isabel de Hungr\u00eda, en Pl\u00e1tanos, una localidad de 10.000 habitantes en el sur de la ciudad de Buenos Aires (Argentina).<\/em><\/p>\n<p>Una comunidad viva &#8211;\u00a0 Durante los a\u00f1os &#8217;70 la poblaci\u00f3n de Pl\u00e1tanos crece r\u00e1pidamente por el gran flujo migratorio de las provincias del interior de Argentina.\u00a0 La parroquia de Santa Isabel es un mosaico de personas de diferentes or\u00edgenes: italianas, espa\u00f1olas, holandesas, yugoslavas y h\u00fangaras, y all\u00ed se conforma una comunidad viva, abierta al intercambio de ideas, al compartir, a la comuni\u00f3n con todos.\u00a0\u00a0 Alrededor del p\u00e1rroco, un sacerdote italiano unido al Movimiento de los Focolares, nace muy pronto un grupo de personas, animadas por la espiritualidad de la unidad, que se comprometen a vivir el Evangelio.\u00a0 Se encuentran peri\u00f3dicamente para comunicarse la \u00abPalabra de vida\u00bb y se cuentan las experiencias vividas, para ayudarse en el camino espiritual.\u00a0 Se crea as\u00ed la familia con un nuevo estilo de vida que, poco a poco, se difunde en toda la parroquia y en los distintos vecindarios.\u00a0 Involucra las realidades eclesiales presentes como el Camino Neocatecumenal, el Colegio de Hermanas H\u00fangaras, y abre el di\u00e1logo con cristianos de varias Iglesias.<\/p>\n<p><img loading=\"lazy\" decoding=\"async\" class=\"alignright\" src=\"http:\/\/mw2.google.com\/mw-panoramio\/photos\/medium\/5478673.jpg\" alt=\"Santa Isabel de Hungr\u00eda. Pl\u00e1tanos\" width=\"213\" height=\"147\" \/>Relaciones ecum\u00e9nicas cada vez m\u00e1s profundas &#8211; Lo que ha favorecido el nacimiento de relaciones fraternas entre miembros de varias Iglesias ha sido el contacto con personas de la Iglesia Reformada.\u00a0 El p\u00e1rroco siente la necesidad de ponerse en contacto con el pastor reformado e inicia entre las dos comunidades una relaci\u00f3n se que vuelve cada vez m\u00e1s profunda.<\/p>\n<p>Con el tiempo han nacido varias actividades ecum\u00e9nicas desarrolladas de acuerdo con los responsables de las respectivas Iglesias: cursos b\u00edblicos en los que participan miembros de varias denominaciones, un coro ecum\u00e9nico de 50 personas para ocasiones especiales, momentos vividos juntos durante los aniversarios y las fiestas m\u00e1s importantes.<\/p>\n<p>Cada a\u00f1o, por ejemplo, algunos d\u00edas antes de Navidad, para hacer sentir a tantos que no frecuentan la Iglesia la atm\u00f3sfera del nacimiento de Jes\u00fas, se pens\u00f3 en organizar juntos, cat\u00f3licos y miembros de la Iglesia reformada, una procesi\u00f3n a lo largo de las calles de la urbanizaci\u00f3n, con cantos y m\u00fasica hechos sobre todo por j\u00f3venes y ni\u00f1os, saliendo de la parroquia cat\u00f3lica para encontrarse para la conclusi\u00f3n en el templo de la Iglesia reformada.<\/p>\n<p>El V\u00eda Crucis del Viernes Santo se desarrolla a lo largo de las calles de la peque\u00f1a ciudad y algunas familias preparan las estaciones en sus casas.\u00a0 Un a\u00f1o se propuso que la procesi\u00f3n se detuviera, para una estaci\u00f3n, en la casa de una familia de la Iglesia Pentecostal quien acogi\u00f3 con alegre sorpresa este privilegio.\u00a0 El d\u00eda de Pascua una joven se\u00f1ora acerc\u00e1ndose al p\u00e1rroco le agradeci\u00f3 de coraz\u00f3n.\u00a0 Su madre hab\u00eda roto relaciones con ella y su marido desde cuando se hab\u00eda convertido a la Iglesia Pentecostal.\u00a0 Despu\u00e9s del V\u00eda Crucis del Viernes Santo, los invit\u00f3 a almorzar, y les pidi\u00f3 disculpas diciendo que se hab\u00eda dado cuenta de que los cat\u00f3licos no son como ella cre\u00eda.<\/p>\n<p>Informado de las cordiales relaciones que hab\u00edan nacido en esa parroquia, el Obispo Cat\u00f3lico de la di\u00f3cesis fue a visitar la comunidad reformada.\u00a0 Fue un encuentro verdaderamente importante:\u00a0 \u00abEs la primera vez -revel\u00f3 feliz una se\u00f1ora- que un obispo cat\u00f3lico entra en un templo reformado\u00bb.\u00a0 Y cu\u00e1l no fue la sorpresa de los m\u00e9dicos del lugar al encontrarse ante un pastor protestante necesitado de atenci\u00f3n, acompa\u00f1ado por un sacerdote cat\u00f3lico, y despu\u00e9s al constatar c\u00f3mo el pastor hab\u00eda sido objeto de tantas atenciones por parte de los cat\u00f3licos.<\/p>\n<p>Como respuesta a las urgencias sociales de la zona, la comunidad parroquial se sinti\u00f3 interpelada tambi\u00e9n por la dif\u00edcil situaci\u00f3n social del territorio.\u00a0 Para responder a las necesidades m\u00e1s urgentes fundaron, desde hace algunos a\u00f1os, la \u00abCasa del Ni\u00f1o de Lourdes\u00bb.\u00a0 Todos los d\u00edas unos ochenta ni\u00f1os, de los tres a los quince a\u00f1os, la mitad de los cuales provenientes de familias de diversas Iglesias, reciben alimentaci\u00f3n, desarrollan actividades educativas, deportivas, recreativas.\u00a0 Se puede palpar el amor de Dios que interviene con tanta providencia.\u00a0 Los ni\u00f1os junto con los educadores de la Casa viven una palabra del Evangelio y rezan juntos.\u00a0 La unidad que se crea va m\u00e1s all\u00e1 de las diversidades eclesiales, culturales e hist\u00f3ricas.<\/p>\n<p>\u00a0<\/p>\n","protected":false},"excerpt":{"rendered":"<p>Experiencia ecum\u00e9nica en la Parroquia Santa Isabel de Hungria de Buenos Aires, Argentina<\/p>\n","protected":false},"author":34,"featured_media":0,"comment_status":"open","ping_status":"open","sticky":false,"template":"","format":"standard","meta":{"give_campaign_id":0,"_seopress_robots_primary_cat":"","_seopress_titles_title":"","_seopress_titles_desc":"","_seopress_robots_index":"","_et_pb_use_builder":"","_et_pb_old_content":"","_et_gb_content_width":"","footnotes":""},"categories":[904],"tags":[],"class_list":["post-293748","post","type-post","status-publish","format-standard","hentry","category-focolare-worldwide-2-2"],"_links":{"self":[{"href":"https:\/\/www.focolare.org\/es\/wp-json\/wp\/v2\/posts\/293748","targetHints":{"allow":["GET"]}}],"collection":[{"href":"https:\/\/www.focolare.org\/es\/wp-json\/wp\/v2\/posts"}],"about":[{"href":"https:\/\/www.focolare.org\/es\/wp-json\/wp\/v2\/types\/post"}],"author":[{"embeddable":true,"href":"https:\/\/www.focolare.org\/es\/wp-json\/wp\/v2\/users\/34"}],"replies":[{"embeddable":true,"href":"https:\/\/www.focolare.org\/es\/wp-json\/wp\/v2\/comments?post=293748"}],"version-history":[{"count":0,"href":"https:\/\/www.focolare.org\/es\/wp-json\/wp\/v2\/posts\/293748\/revisions"}],"wp:attachment":[{"href":"https:\/\/www.focolare.org\/es\/wp-json\/wp\/v2\/media?parent=293748"}],"wp:term":[{"taxonomy":"category","embeddable":true,"href":"https:\/\/www.focolare.org\/es\/wp-json\/wp\/v2\/categories?post=293748"},{"taxonomy":"post_tag","embeddable":true,"href":"https:\/\/www.focolare.org\/es\/wp-json\/wp\/v2\/tags?post=293748"}],"curies":[{"name":"wp","href":"https:\/\/api.w.org\/{rel}","templated":true}]}}