{"id":293760,"date":"2004-09-22T22:00:00","date_gmt":"2004-09-22T20:00:00","guid":{"rendered":"https:\/\/www.focolare.org\/la-carta-europea-para-las-politicas-de-la-interdependencia-para-construir-un-mundo-de-paz-y-sin-mas-fronteras\/"},"modified":"2024-05-13T20:47:12","modified_gmt":"2024-05-13T18:47:12","slug":"la-carta-europea-para-las-politicas-de-la-interdependencia-para-construir-un-mundo-de-paz-y-sin-mas-fronteras","status":"publish","type":"post","link":"https:\/\/www.focolare.org\/es\/la-carta-europea-para-las-politicas-de-la-interdependencia-para-construir-un-mundo-de-paz-y-sin-mas-fronteras\/","title":{"rendered":"La Carta europea para las pol\u00edticas de la Interdependencia. Para construir un mundo de paz y sin m\u00e1s fronteras"},"content":{"rendered":"<p>\u00a0<strong>\ufffdUna utop\u00eda realizada?<\/strong><em> \u00abEl moderno Auditorium-Parque de la M\u00fasica tiene una nota de utop\u00eda realizada. La interdependencia de los pueblos, que se ha hecho absolutamente urgente debido a la globalizaci\u00f3n de los mercados y del&#8230; terrorismo. Interdependencia que ha sido cantada y tocada en much\u00edsimas variaciones en la Sala Sinopoli del Auditorium, en un di\u00e1logo de varias voces y de varios credos y opciones pol\u00edticas pero al un\u00edsono sobre la necesidad de un \u201csistema de interdependencia virtuosa\u201d al que concurran todos: desde la ONU hasta las religiones\u201d. Es lo que afirma Orazio Petrosillo en el diario Il Messaggero del 13 de septiembre. Y agrega: \u00abQuien ha venido a Roma para la II Jornada de la Interdependencia lo ha hecho porque cree que los pueblos, las personas y los Estados pueden realmente ser m\u00e1s unidos\u201d.<\/em> <\/p>\n<p align=\"justify\"><img decoding=\"async\" src=\"http:\/\/10.0.0.128\/2010focolare\/layout\/foto2004\/20040923b.jpg\" alt=\"\" align=\"right\" border=\"0\" hspace=\"8\" \/><strong>Benjamin Barber: La interdependencia virtuosa como respuesta a los actuales retos globales<\/strong> El Prof. Benjamin Barber, polit\u00f3logo estadounidense, fundador de las Jornadas de la Interdependencia, en una entrevista explica que <em>\u201cInterdependencia significa que nosotros podemos crear un mundo que sea seguro para todos, o bien un mundo que no es seguro para nadie\u201d.<\/em> Y dando la bienvenida a los participantes, afirm\u00f3: <em>\u201cDado que los retos ante los que nos encontramos hoy son retos globales, tambi\u00e9n las respuestas que se dan deben ser tales. Por ello naci\u00f3 la exigencia de una Jornada de la Interdependencia y de una Declaraci\u00f3n de Interdependencia\u201d. \u201cNuestras respuestas deben ser fruto de un sistema de interdependencia virtuosa, un nuevo sistema transnacional de derecho internacional, cooperaci\u00f3n multilateral y gobernabilidad social global\u201d.<\/em>  <strong>Un documento para una nueva convivencia mundial<\/strong> La Carta europea para las pol\u00edticas de la Interdependencia fija las prioridades para una nueva convivencia mundial. Afirma, ante todo, que es indispensable erradicar el terrorismo y esto se puede hacer a trav\u00e9s de <em><strong>la construcci\u00f3n de saldas redes sociales y ling\u00fc\u00edsticas, en modo de favorecer el di\u00e1logo<\/strong><\/em> intercultural y religioso, la cooperaci\u00f3n internacional para abatir las diferencias econ\u00f3micas entre el norte y el sur del mundo. Solicita tambi\u00e9n la libre circulaci\u00f3n de las personas, el acceso al agua potable y el derecho a la salud para todos. Se solicita que sea reforzado el derecho de asilo y que a los extranjeros se les permita votar.  <strong>Prodi: superare las divisiones entre los pueblos <\/strong> En su mensaje, el presidente de la Comisi\u00f3n Europea, Romano Prodi, afirma que <em>\u201clos tiempos nos exigen que miremos lejos, que superemos las divisiones que han marcado nuestro pasado\u201d. \u201cAhora sabemos cu\u00e1l es el camino a seguir: la unidad en la diversidad, el di\u00e1logo entre las culturas, el poner en com\u00fan los recursos\u201d.<\/em>  <strong>Kofi Annan: urge una nueva conciencia de que somos ciudadanos del mundo<\/strong> Para resolver las desigualdades y los horrores que afligen al mundo \u2013escribe el Secretario General de la ONU, en un mensaje para la ocasi\u00f3n- <em>\u201cson necesarios hombres y mujeres que desarrollen la conciencia <strong>de ser ciudadanos del mundo\u201d. <\/strong>\u201cPor s\u00ed sola ninguna Naci\u00f3n tiene la capacidad de protegerse a s\u00ed misma de los peligros que amenazan desde el exterior\u201d.<\/em>   <\/p>\n<p align=\"justify\"><img decoding=\"async\" src=\"http:\/\/10.0.0.128\/2010focolare\/layout\/foto2004\/20040923a.jpg\" alt=\"\" align=\"left\" border=\"0\" hspace=\"8\" \/><strong>Veltroni define la Interdependencia como una alternativa al desequilibrio entre el norte y el sur<\/strong> El Alcalde de Roma, Walter Veltroni, tambi\u00e9n subray\u00f3 que la interdependencia es la alternativa a esa globalizaci\u00f3n que excava una desigualdad cada vez mayor entre el norte y el sur del mundo: <em>\u201cEl \u00faltimo informe sobre el desarrollo humano dice que para 26 pa\u00edses, sobre todo pa\u00edses africanos, la riqueza ha disminuido en lugar de crecer\u201d.<\/em> Por lo tanto es necesario reforzar los organismos -enti\u00e9ndase ONU- que gobiernan el Planeta.  <strong>Chiara Lubich: Interdependencia y fraternidad para poner en movimiento procesos positivos<\/strong> Para Chiara Lubich, fundadora del Movimiento de los Focolares, la interdependencia tiene un significado muy preciso: <em>comporta, de hecho, la elecci\u00f3n del di\u00e1logo en lugar de la hegemon\u00eda, el camino del compartir en lugar de la concentraci\u00f3n de los recursos y de los conocimientos en una sola \u00e1rea del mundo. Vivificada por la fraternidad, la interdependencia, de simple \u201checho\u201d o \u201cinstrumento\u201d, podr\u00e1 llegar a ser el motor de procesos positivos&#8230; no de un solo pueblo, sino de toda la humanidad.<\/em>  <strong>Andrea Riccardi: todos llamados a trabajar por la paz<\/strong> <em>\u201cUn peque\u00f1o n\u00famero de hombres puede desestabilizar el mundo con las armas -dijo Andrea Riccardi, fundador de la Comunidad de San Egidio- y esta es la historia del terrorismo. Pero tambi\u00e9n es verdad que todos pueden trabajar por la paz\u201d. \u201cTenemos necesidad de una nueva cultura, de nuevas iniciativas\u201d.<\/em><\/p>\n","protected":false},"excerpt":{"rendered":"<p>Jornada de la Interdependencia<\/p>\n","protected":false},"author":34,"featured_media":0,"comment_status":"open","ping_status":"open","sticky":false,"template":"","format":"standard","meta":{"give_campaign_id":0,"_seopress_robots_primary_cat":"","_seopress_titles_title":"","_seopress_titles_desc":"","_seopress_robots_index":"","_et_pb_use_builder":"","_et_pb_old_content":"","_et_gb_content_width":"","footnotes":""},"categories":[46],"tags":[],"class_list":["post-293760","post","type-post","status-publish","format-standard","hentry","category-sin-categorizar"],"_links":{"self":[{"href":"https:\/\/www.focolare.org\/es\/wp-json\/wp\/v2\/posts\/293760","targetHints":{"allow":["GET"]}}],"collection":[{"href":"https:\/\/www.focolare.org\/es\/wp-json\/wp\/v2\/posts"}],"about":[{"href":"https:\/\/www.focolare.org\/es\/wp-json\/wp\/v2\/types\/post"}],"author":[{"embeddable":true,"href":"https:\/\/www.focolare.org\/es\/wp-json\/wp\/v2\/users\/34"}],"replies":[{"embeddable":true,"href":"https:\/\/www.focolare.org\/es\/wp-json\/wp\/v2\/comments?post=293760"}],"version-history":[{"count":0,"href":"https:\/\/www.focolare.org\/es\/wp-json\/wp\/v2\/posts\/293760\/revisions"}],"wp:attachment":[{"href":"https:\/\/www.focolare.org\/es\/wp-json\/wp\/v2\/media?parent=293760"}],"wp:term":[{"taxonomy":"category","embeddable":true,"href":"https:\/\/www.focolare.org\/es\/wp-json\/wp\/v2\/categories?post=293760"},{"taxonomy":"post_tag","embeddable":true,"href":"https:\/\/www.focolare.org\/es\/wp-json\/wp\/v2\/tags?post=293760"}],"curies":[{"name":"wp","href":"https:\/\/api.w.org\/{rel}","templated":true}]}}