{"id":293794,"date":"2004-11-26T23:00:00","date_gmt":"2004-11-26T22:00:00","guid":{"rendered":"https:\/\/www.focolare.org\/itun-solo-popolo-nella-molteplicita-delle-tradizionienmany-traditions-one-peoplefrun-seul-peuple-dans-la-multiplicite-des-traditionsptum-so-povo-na-multiplicidade-das-tradicoes\/"},"modified":"2024-05-13T20:47:28","modified_gmt":"2024-05-13T18:47:28","slug":"itun-solo-popolo-nella-molteplicita-delle-tradizionienmany-traditions-one-peoplefrun-seul-peuple-dans-la-multiplicite-des-traditionsptum-so-povo-na-multiplicidade-das-tradicoes","status":"publish","type":"post","link":"https:\/\/www.focolare.org\/es\/itun-solo-popolo-nella-molteplicita-delle-tradizionienmany-traditions-one-peoplefrun-seul-peuple-dans-la-multiplicite-des-traditionsptum-so-povo-na-multiplicidade-das-tradicoes\/","title":{"rendered":"[:it]Un solo popolo nella molteplicit\u00e0 delle tradizioni[:en]Many traditions \u2013 one people[:fr]Un seul peuple dans la multiplicit\u00e9 des traditions[:pt]Um s\u00f3 povo na multiplicidade das tradi\u00e7\u00f5es"},"content":{"rendered":"<p><\/p>\n","protected":false},"excerpt":{"rendered":"<p>23rd Ecumenical Congress of Bishops of different Churches &#8211; Istanbul<\/p>\n","protected":false},"author":34,"featured_media":0,"comment_status":"open","ping_status":"open","sticky":false,"template":"","format":"standard","meta":{"give_campaign_id":0,"_seopress_robots_primary_cat":"","_seopress_titles_title":"","_seopress_titles_desc":"","_seopress_robots_index":"","_et_pb_use_builder":"","_et_pb_old_content":"","_et_gb_content_width":"","footnotes":""},"categories":[46],"tags":[],"class_list":["post-293794","post","type-post","status-publish","format-standard","hentry","category-sin-categorizar"],"_links":{"self":[{"href":"https:\/\/www.focolare.org\/es\/wp-json\/wp\/v2\/posts\/293794","targetHints":{"allow":["GET"]}}],"collection":[{"href":"https:\/\/www.focolare.org\/es\/wp-json\/wp\/v2\/posts"}],"about":[{"href":"https:\/\/www.focolare.org\/es\/wp-json\/wp\/v2\/types\/post"}],"author":[{"embeddable":true,"href":"https:\/\/www.focolare.org\/es\/wp-json\/wp\/v2\/users\/34"}],"replies":[{"embeddable":true,"href":"https:\/\/www.focolare.org\/es\/wp-json\/wp\/v2\/comments?post=293794"}],"version-history":[{"count":0,"href":"https:\/\/www.focolare.org\/es\/wp-json\/wp\/v2\/posts\/293794\/revisions"}],"wp:attachment":[{"href":"https:\/\/www.focolare.org\/es\/wp-json\/wp\/v2\/media?parent=293794"}],"wp:term":[{"taxonomy":"category","embeddable":true,"href":"https:\/\/www.focolare.org\/es\/wp-json\/wp\/v2\/categories?post=293794"},{"taxonomy":"post_tag","embeddable":true,"href":"https:\/\/www.focolare.org\/es\/wp-json\/wp\/v2\/tags?post=293794"}],"curies":[{"name":"wp","href":"https:\/\/api.w.org\/{rel}","templated":true}]}}