{"id":293798,"date":"2004-11-30T23:00:00","date_gmt":"2004-11-30T22:00:00","guid":{"rendered":"https:\/\/www.focolare.org\/la-iglesia-viva-antes-de-las-iglesias-de-ladrillo\/"},"modified":"2024-05-13T20:47:28","modified_gmt":"2024-05-13T18:47:28","slug":"la-iglesia-viva-antes-de-las-iglesias-de-ladrillo","status":"publish","type":"post","link":"https:\/\/www.focolare.org\/es\/la-iglesia-viva-antes-de-las-iglesias-de-ladrillo\/","title":{"rendered":"La iglesia viva antes de las iglesias de ladrillo"},"content":{"rendered":"<p>\u00a0<img decoding=\"async\" src=\"http:\/\/10.0.0.128\/layout\/fotodefault\/NB0005.jpg\" alt=\"\" align=\"left\" border=\"0\" hspace=\"5\" vspace=\"5\" \/>El p\u00e1rroco y algunos laicos de la parroquia de San Juan de la Cruz, en la ciudad de Roma, nos cuentan c\u00f3mo naci\u00f3 y c\u00f3mo se desarroll\u00f3 la comunidad parroquial.  \u00abUn d\u00eda el Cardenal, entonces vicario de la di\u00f3cesis de Roma \u2013cuenta el p\u00e1rroco- me propuso fundar una nueva comunidad parroquial en una urbanizaci\u00f3n que estaba surgiendo, en la extrema periferia Norte de Roma, en la localidad de Colle Salario.\u00a0 Voy al lugar y encuentro edificios en construcci\u00f3n, gr\u00faas alt\u00edsimas en movimiento en toda la zona.\u00a0 Alquilo un local en la parte de abajo de un edificio de 15 pisos, de all\u00ed saco la iglesia, la sala, la cocina, la cocina y una peque\u00f1a habitaci\u00f3n.\u00a0 Aquella iglesita-local fue la sede de la comunidad durante 13 a\u00f1os.\u00a0 Solamente a finales del 2001 fue construida una nueva bell\u00edsima iglesia\u201d.  No basta un lugar para celebrar la Misa, es necesario formar antes la comunidad.\u00a0 Las familias provienen de las m\u00e1s variadas regiones de Italia, sin relaciones sociales entre ellos.\u00a0 No saben ni siquiera que existe una parroquia.\u00a0 As\u00ed, todas las ma\u00f1anas, el p\u00e1rroco va a la parada del autob\u00fas escolar para desearle un buen d\u00eda a los ni\u00f1os que van a la escuela y a las mam\u00e1s que los acompa\u00f1an.\u00a0 Varias veces al d\u00eda va al supermercado para encontrar a la gente: en la fila de la caja conoce a las personas, le propone a alguna mam\u00e1 ser catequista, ayuda a las ancianas a llevar la compra a casa.  Poco a poco toma vida una peque\u00f1a comunidad.\u00a0 Una familia, reci\u00e9n llegada al vecindario, se pone a disposici\u00f3n para todo lo que sea necesario.\u00a0 Son del Movimiento de los Focolares.\u00a0 \u00c9l es fot\u00f3grafo, y es asumido para el servicio fotogr\u00e1fico de las primeras comuniones de los ni\u00f1os.\u00a0 Dado que la iglesita es insuficiente para contener a todos, para la ocasi\u00f3n se alquila una gran iglesia en el Centro de Roma.\u00a0 Antes de la celebraci\u00f3n Pino y el p\u00e1rroco se ponen de acuerdo para amar a todos, para que Jes\u00fas mismo est\u00e9 presente entre ellos, como \u00c9l mismo ha prometido a \u201cdos o tres reunidos en Su nombre\u201d (Mt. 18,20).\u00a0 Y es precisamente la presencia del Resucitado que involucra a otros a vivir esta nueva espiritualidad, a amar, dispuestos a dar la vida el uno por el otro, a volver a empezar cuando uno se equivoca, a contarse las experiencias del Evangelio para crecer juntos.  F., por ejemplo, comunica c\u00f3mo ha empezado a frecuentar la iglesia-local.\u00a0 Estaba pasando un momento dif\u00edcil en la relaci\u00f3n con su esposa.\u00a0 Deciden ir juntos a esa iglesita y por primera vez escuchan el anuncio de que Dios es amor, y que nos ama personalmente, nos acepta como somos, no est\u00e1 lejos, puede estar entre nosotros, si nos amamos en Su nombre.\u00a0 Descubren un rostro nuevo de la Iglesia, distinto del que pensaban.\u00a0 Entran en el grupo de quienes participan en el encuentro de la \u201cPalabra de Vida\u201d porque comprenden que es all\u00ed que nace esa vida nueva que los atrae.\u00a0 Se esfuerzan en poner como base de todo el amor, como propone el Evangelio.\u00a0 Es una escuela de vida, una nueva evangelizaci\u00f3n, que exige un cambio radical de mentalidad.  C. y M. est\u00e1n casados desde hace 22 a\u00f1os y tiene dos hijos de 20 y 27 a\u00f1os.\u00a0 Tambi\u00e9n ellos forman parte de los grupos de la parroquia que viven la espiritualidad del Movimiento de los Focolares: \u201cNuestros grupos \u2013explican- no tienen una actividad propia en la parroquia, pero participan en la vida de la comunidad parroquial: hay quien da catecismo, quien se encarga de la secretar\u00eda, quien es animador en el oratorio, quien ayuda al p\u00e1rroco en el curso de pre-matrimonial, quien se dedica a trabajos manuales para el mantenimiento de la casa parroquial, quien se dedica a la limpieza, quien cocina para los sacerdotes\u201d.\u00a0 Quieren ser algo as\u00ed como la sal que se disuelve en los varios sectores de la vida comunitaria y donar ese toque extra de amor humano y sobrenatural, que poco a poco genera un clima de familia y a menudo atrae incluso a los alejados.  D. explica \u2013y lo dicen tambi\u00e9n otros- que esta espiritualidad de comuni\u00f3n se est\u00e1 difundiendo en toda la comunidad y se est\u00e1 convirtiendo en su primera caracter\u00edstica.\u00a0 Sobre todo despu\u00e9s de que el Papa, en la \u201cNovo Millennio Ineunte\u201d, la ha lanzado a toda la Iglesia.  <strong><img decoding=\"async\" src=\"http:\/\/10.0.0.128\/layout\/fotodefault\/NB0020.jpg\" alt=\"\" align=\"right\" border=\"0\" hspace=\"5\" vspace=\"5\" \/>Belleza y armon\u00eda de la variedad de los varios Movimientos<\/strong> \u2013 \u201cEn la parroquia de San Juan de la Cruz \u2013cuenta el p\u00e1rroco- est\u00e1n presentes otros Movimientos: la Comunidad de San Egidio, el Camino Neocatecumenal y otras expresiones de vida asociada, de dimensiones m\u00e1s peque\u00f1as, pero siempre importantes.\u00a0 Es una alegr\u00eda ver florecer varios carismas que contribuyen a llevar adelante la nueva evangelizaci\u00f3n y hacen m\u00e1s bella la comunidad.\u00a0 Los fieles se sienten libres de seguir este o aqu\u00e9l camino, de formarse en la espiritualidad, con los modos y los tiempos del Movimiento del que forman parte.\u00a0 Su misma presencia en la comunidad es un signo de vitalidad y est\u00edmulo para todos.\u00a0 Por su parte los miembros del Movimiento de los Focolares se esfuerzan en comprender y vivir cada vez mejor aquello que es espec\u00edfico de ellos en la parroquia: el ser constructores de comuni\u00f3n\u201d.  Como Mar\u00eda: amar y acoger a todos, poner amor donde no hay amor, crear la unidad.\u00a0 Y ser ap\u00f3stoles del di\u00e1logo, as\u00ed como los ve el Santo Padre.  <strong>Llegan visitantes<\/strong> \u2013 Si bien la urbanizaci\u00f3n est\u00e1 situada en la extrema periferia de la ciudad, cada tanto llega alg\u00fan grupo parroquial.\u00a0 Han llegado desde Suiza, de Estocolmo, de Belluno, de N\u00e1poles, desde Brasil, desde M\u00e9xico, de Francia.\u00a0 Vienen para visitar las bellezas de Roma, sobre todo para ver al Papa; pero hay quien tambi\u00e9n desea encontrar una comunidad viva de la Iglesia de Roma.\u00a0 \u201cSe pasa una tarde juntos, nos contamos las experiencias, comemos una pizza juntos.\u00a0 Nace una relaci\u00f3n de fraternidad a pesar de, a veces, las dificultades del idioma.\u00a0 Las personas de la comunidad de Colle Salario cuentan c\u00f3mo viven la Palabra y el amor rec\u00edproco que consideran el fundamento de cada acci\u00f3n pastoral\u201d.  Esto, a menudo, deja maravillados.  <strong>En directo por TV<\/strong> \u2013 Hace alg\u00fan tiempo, la Misa dominical de la comunidad de San Juan de la Cruz fue transmitida por una red nacional de televisi\u00f3n.\u00a0 Fue preparada juntos, distribuyendo las lecturas, oraciones y testimonios entre los miembros de los varios grupos parroquiales y de los varios Movimientos.\u00a0 Desde varias partes de Italia nos llegaron llamadas telef\u00f3nicas con expresiones de gratitud y apoyo:\u00a0 \u201cGracias por su Misa, ha sido bell\u00edsima\u201d, \u201cSe ve que son una comunidad viva y que se quieren\u201d, \u201c\u00a1Cu\u00e1nto deseo que los j\u00f3venes de mi pueblo puedan encontrar una comunidad como la de ustedes!\u201d<\/p>\n","protected":false},"excerpt":{"rendered":"<p>Roma &#8211; Italia<\/p>\n","protected":false},"author":34,"featured_media":0,"comment_status":"open","ping_status":"open","sticky":false,"template":"","format":"standard","meta":{"give_campaign_id":0,"_seopress_robots_primary_cat":"","_seopress_titles_title":"","_seopress_titles_desc":"","_seopress_robots_index":"","_et_pb_use_builder":"","_et_pb_old_content":"","_et_gb_content_width":"","footnotes":""},"categories":[904],"tags":[],"class_list":["post-293798","post","type-post","status-publish","format-standard","hentry","category-focolare-worldwide-2-2"],"_links":{"self":[{"href":"https:\/\/www.focolare.org\/es\/wp-json\/wp\/v2\/posts\/293798","targetHints":{"allow":["GET"]}}],"collection":[{"href":"https:\/\/www.focolare.org\/es\/wp-json\/wp\/v2\/posts"}],"about":[{"href":"https:\/\/www.focolare.org\/es\/wp-json\/wp\/v2\/types\/post"}],"author":[{"embeddable":true,"href":"https:\/\/www.focolare.org\/es\/wp-json\/wp\/v2\/users\/34"}],"replies":[{"embeddable":true,"href":"https:\/\/www.focolare.org\/es\/wp-json\/wp\/v2\/comments?post=293798"}],"version-history":[{"count":0,"href":"https:\/\/www.focolare.org\/es\/wp-json\/wp\/v2\/posts\/293798\/revisions"}],"wp:attachment":[{"href":"https:\/\/www.focolare.org\/es\/wp-json\/wp\/v2\/media?parent=293798"}],"wp:term":[{"taxonomy":"category","embeddable":true,"href":"https:\/\/www.focolare.org\/es\/wp-json\/wp\/v2\/categories?post=293798"},{"taxonomy":"post_tag","embeddable":true,"href":"https:\/\/www.focolare.org\/es\/wp-json\/wp\/v2\/tags?post=293798"}],"curies":[{"name":"wp","href":"https:\/\/api.w.org\/{rel}","templated":true}]}}