{"id":293806,"date":"2004-12-12T23:00:00","date_gmt":"2004-12-12T22:00:00","guid":{"rendered":"https:\/\/www.focolare.org\/pasos-en-el-camino-hacia-la-unidad\/"},"modified":"2024-05-13T20:47:30","modified_gmt":"2024-05-13T18:47:30","slug":"pasos-en-el-camino-hacia-la-unidad","status":"publish","type":"post","link":"https:\/\/www.focolare.org\/es\/pasos-en-el-camino-hacia-la-unidad\/","title":{"rendered":"Pasos en el camino hacia la unidad"},"content":{"rendered":"<p><img decoding=\"async\" src=\"http:\/\/10.0.0.128\/2010focolare\/layout\/foto2004\/20041201l.jpg\" alt=\"\" align=\"right\" border=\"0\" hspace=\"8\" \/><strong>En el lugar donde fue formulado el Credo<\/strong> Viernes, 26 de noviembre, cuarenta Obispos \u2013 <strong>ortodoxos, siro-ortodoxos, armeno-apost\u00f3licos, anglicanos, evang\u00e9lico-luteranos y cat\u00f3licos de varios ritos, <\/strong>provenientes de 18 naciones \u2013llegaron a Nicea, el lugar donde hace casi 1700 a\u00f1os, durante el Primer Concilio Ecum\u00e9nico, fue formulado el com\u00fan <em>Credo<\/em> cristiano, llamado niceno-constantinopolitano. Conscientes de las tristes consecuencias de la falta de unidad en el curso de los siglos, en este lugar-s\u00edmbolo se prometieron solemnemente actuar en todo <strong>y sobre todo el mandamiento evang\u00e9lico del amor rec\u00edproco,<\/strong><em> \u00abde modo que Cristo viva siempre entre nosotros y el mundo pueda creer tambi\u00e9n por nuestro aporte\u00bb,<\/em> como dijo el arzobispo de Praga, el <strong>Card. Miloslav Vlk,<\/strong> uno de los principales promotores de la iniciativa. Ha sido \u00e9ste \u2013dijeron los participantes- uno de los momentos m\u00e1s importantes del 23\ufffd Congreso Ecum\u00e9nico de los Obispos amigos del Movimiento de los Focolares que, por invitaci\u00f3n del Patriarca Bartolom\u00e9 I, tuvo lugar del 23 de noviembre al 1\ufffd de diciembre en Constantinopla. <\/p>\n<p align=\"justify\"><img decoding=\"async\" src=\"http:\/\/10.0.0.128\/2010focolare\/layout\/foto2004\/20041201f.jpg\" alt=\"\" align=\"left\" border=\"0\" hspace=\"8\" \/><strong>Intervenci\u00f3n del Patriarca ecum\u00e9nico Bartolom\u00e9 I<\/strong> En la oraci\u00f3n ecum\u00e9nica de apertura, en la Iglesia Cat\u00f3lica de San Antonio, repleta de cristianos de las diversas comunidades presentes en Estambul, particip\u00f3 personalmente Bartolom\u00e9 I, quien en la ma\u00f1ana sucesiva se dirigi\u00f3 a los Obispos, felicit\u00e1ndolos por su celo por la unidad de los cristianos, y despu\u00e9s se detuvo en el<strong> tema del congreso: \u201cdonde dos o m\u00e1s est\u00e1n reunidos en mi nombre, all\u00ed estoy yo en medio de ellos\u201d <\/strong>(Mt. 18,20). Con una amplia referencia a la Escritura y al pensamiento de los Padres griegos, el Patriarca subray\u00f3 tres presupuestos fundamentales para que se verifique esta promesa de Jes\u00fas: \u201cel amor hacia Cristo, realizado mediante la observaci\u00f3n de sus mandamientos, la fe en \u00c9l, manifestada como confianza en \u00c9l, y la fe recta&#8230; como recta conciencia de Su persona que brota de la comuni\u00f3n personal con \u00c9l\u201d.<\/p>\n<p> <strong>Visitas a las Comunidades cristianas de Estambul<\/strong> En el curso del Congreso los Obispos visitaron las varias Comunidades cristianas de la ciudad, uni\u00e9ndose a su oraci\u00f3n, conociendo sus tesoros espirituales y compartiendo alegr\u00edas y sufrimientos. De particular relieve la visita al <strong>Patriarca Armeno Apost\u00f3lico Mesrob II,<\/strong> quien, despu\u00e9s de la celebraci\u00f3n de las V\u00edsperas, se entretuvo con los hu\u00e9spedes para un amplio di\u00e1logo sobre la vida y la situaci\u00f3n de la Iglesia Armena, que ha dado, a lo largo de los siglos, un testimonio a menudo heroico. En su mensaje por la apertura del Congreso hab\u00eda ya formulado un apasionado llamado a la unidad. Muy cordial fue tambi\u00e9n el encuentro con el <strong>Vicario patriarcal Siro-Ortodoxo Fil\u00fcksinos Yusuf \u00c7etin <\/strong>y su vivaz Comunidad que prepar\u00f3 una gran fiesta a los Obispos. En una entrevista concedida, el Metropolita subray\u00f3 que tal entendimiento entre los Obispos es un ejemplo importante para los fieles.  <strong>Alegr\u00eda por un gesto ecum\u00e9nico de gran significado<\/strong> En el Fanar, la Sede del Patriarcado ecum\u00e9nico, los Obispos participaron en la solemne celebraci\u00f3n por la llegada de las <strong>reliquias de San Juan Cris\u00f3stomo y San Gregorio El Te\u00f3logo, <\/strong>donadas por el Papa al Patriarca Bartolom\u00e9 I, en la Bas\u00edlica Vaticana. El gesto ecum\u00e9nico \u2013hab\u00eda dicho en Roma el Patriarca Bartolom\u00e9 I- tiene un gran significado, y <em>\u201cconfirma que en la Iglesia de Cristo no existen problemas insuperables, cuando el amor, la justicia y la paz se encuentran\u201d.<\/em> La participaci\u00f3n continu\u00f3 durante la celebraci\u00f3n de <strong>La Fiesta de San Andr\u00e9s, <\/strong>patrono del Patriarcado Ecum\u00e9nico, para la cual, adem\u00e1s de la Delegaci\u00f3n Vaticana guiada por el Card. Kasper, vinieron a Constantinopla representaciones de las Iglesias ortodoxas del mundo. <\/p>\n<p align=\"justify\"><img decoding=\"async\" src=\"http:\/\/10.0.0.128\/2010focolare\/layout\/foto2004\/20041201h.jpg\" alt=\"\" align=\"right\" border=\"0\" hspace=\"8\" \/><strong>\u201cDi\u00e1logo de la vida\u201d<\/strong> La presencia de Cristo entre quienes est\u00e1n unidos en su nombre ha sido no s\u00f3lo el tema del Congreso sino sobre todo la experiencia que ha marcado su desarrollo, creando \u2013como dijeron los Obispos- <strong>\u201cuna intensa relaci\u00f3n de verdadera fraternidad\u201d. <\/strong>Tres intervenciones preparadas por Chiara Lubich, ilustraron los fundamentos de este camino ecum\u00e9nico que nace de la espiritualidad de comuni\u00f3n vivida en el Movimiento de los Focolares: el as\u00ed llamado \u201cDi\u00e1logo de la vida\u201d, o \u201cDi\u00e1logo del pueblo\u201d que \u2013explic\u00f3 <strong>Chiara Lubich <\/strong>&#8211; \u201cno es un di\u00e1logo de la base que se contrapone o se yuxtapone al de los as\u00ed llamados v\u00e9rtices o de los responsables de las Iglesias, sino un di\u00e1logo en el que todos los cristianos pueden participar\u201d. <em>\u201cSi vivimos as\u00ed en nuestras Iglesias, \u00e9stas reflorecer\u00e1n\u201d,<\/em> afirm\u00f3 un obispo cat\u00f3lico de Inglaterra, refiri\u00e9ndose a los grandes retos de la secularizaci\u00f3n. Mientras que un Obispo luterano expres\u00f3 cuanto hab\u00eda experimentado en el Congreso con las palabras de un conocido himno <em>\u201cUbi caritas et amor, ibi Deus est <\/em>\u2013 donde hay caridad y amor, all\u00ed est\u00e1 Dios\u201d.<\/p>\n<p> <strong>Pasos en el camino hacia la unidad<\/strong> En el curso del programa, personas del Movimiento de los Focolares de varias Iglesias, contaron como, en varias partes del mundo, est\u00e1n trabajando para incrementar la comuni\u00f3n en sus Iglesias y entre las diversas Comunidades cristianas. Un especial inter\u00e9s suscit\u00f3 el testimonio de un p\u00e1rroco cat\u00f3lico de <strong>Rumania.<\/strong> A trav\u00e9s de un paciente di\u00e1logo de caridad, han cambiado radicalmente las relaciones entre los pastores y las diversas Comunidades cristianas de su ciudad, con muchas iniciativas comunes que han involucrado a las mismas autoridades civiles. No menos emblem\u00e1tico el significativo di\u00e1logo en acto ya entre el Mouvement Jeunesse Orthodoxe y el Movimiento de los Focolares, del que habl\u00f3 una ortodoxa de <strong>L\u00edbano.<\/strong> Dos evang\u00e9licos y un cat\u00f3lico hablaron a los Obispos de la <strong>Jornada ecum\u00e9nica \u201cJuntos por Europa\u201d.<\/strong> Por ella, el 8 de mayo de 2004, vivieron a Stuttgart 10 mil personas de numerosos Movimientos, Comunidades y Grupos espirituales de varias Iglesias: fue inicio de un mayor testimonio com\u00fan. <\/p>\n<p align=\"justify\"><img decoding=\"async\" src=\"http:\/\/10.0.0.128\/2010focolare\/layout\/foto2004\/20041201a.jpg\" alt=\"\" align=\"left\" border=\"0\" hspace=\"8\" \/><strong>Encuentro con el Card. Kasper<\/strong> La presencia de la Delegaci\u00f3n Vaticana para la Fiesta de San Andr\u00e9s, permiti\u00f3 la posibilidad de un encuentro de los Obispos con el Card. Walter Kasper, Presidente del Consejo Pontificio para la unidad de los cristianos. Al ofrecer un cuadro del <strong>reciente desarrollo ecum\u00e9nico,<\/strong> el Cardenal subray\u00f3 <strong>el aporte de los Movimientos eclesiales <\/strong>a la causa de la unidad: \u201cYo estoy muy agradecido por estos Movimientos, por el Movimiento de los Focolares, y pienso que es un signo del Esp\u00edritu Santo&#8230; Solamente juntos podemos hacer algo por la venida del Reino. Por lo tanto los Movimientos ofrecen un camino important\u00edsimo\u201d.<\/p>\n<p> <strong>En septiembre 2005 en Bucarest<\/strong> Antes de regresar a sus naciones, los Obispos establecieron que se encontrar\u00e1n nuevamente en septiembre de 2005 en Bucarest, adhiriendo a la <strong>invitaci\u00f3n del Patriarca rumano-ortodoxo Teoctist<\/strong> y de su S\u00ednodo.<\/p>\n","protected":false},"excerpt":{"rendered":"<p>Cronica del  23\u00b0 Congreso ecumenico de Obispos amigos del Movimiento de los Focolares &#8211; Estanbul, 23 noviembre \u2013 1\u00b0 diciembre 2004<\/p>\n","protected":false},"author":34,"featured_media":0,"comment_status":"open","ping_status":"open","sticky":false,"template":"","format":"standard","meta":{"give_campaign_id":0,"_seopress_robots_primary_cat":"","_seopress_titles_title":"","_seopress_titles_desc":"","_seopress_robots_index":"","_et_pb_use_builder":"","_et_pb_old_content":"","_et_gb_content_width":"","footnotes":""},"categories":[904],"tags":[],"class_list":["post-293806","post","type-post","status-publish","format-standard","hentry","category-focolare-worldwide-2-2"],"_links":{"self":[{"href":"https:\/\/www.focolare.org\/es\/wp-json\/wp\/v2\/posts\/293806","targetHints":{"allow":["GET"]}}],"collection":[{"href":"https:\/\/www.focolare.org\/es\/wp-json\/wp\/v2\/posts"}],"about":[{"href":"https:\/\/www.focolare.org\/es\/wp-json\/wp\/v2\/types\/post"}],"author":[{"embeddable":true,"href":"https:\/\/www.focolare.org\/es\/wp-json\/wp\/v2\/users\/34"}],"replies":[{"embeddable":true,"href":"https:\/\/www.focolare.org\/es\/wp-json\/wp\/v2\/comments?post=293806"}],"version-history":[{"count":0,"href":"https:\/\/www.focolare.org\/es\/wp-json\/wp\/v2\/posts\/293806\/revisions"}],"wp:attachment":[{"href":"https:\/\/www.focolare.org\/es\/wp-json\/wp\/v2\/media?parent=293806"}],"wp:term":[{"taxonomy":"category","embeddable":true,"href":"https:\/\/www.focolare.org\/es\/wp-json\/wp\/v2\/categories?post=293806"},{"taxonomy":"post_tag","embeddable":true,"href":"https:\/\/www.focolare.org\/es\/wp-json\/wp\/v2\/tags?post=293806"}],"curies":[{"name":"wp","href":"https:\/\/api.w.org\/{rel}","templated":true}]}}