{"id":293822,"date":"2005-01-12T23:00:00","date_gmt":"2005-01-12T22:00:00","guid":{"rendered":"https:\/\/www.focolare.org\/primera-tournee-del-gen-verde-a-japon-por-invitacion-del-movimiento-budista-japones-rissho-kosei-kai\/"},"modified":"2024-05-13T20:47:31","modified_gmt":"2024-05-13T18:47:31","slug":"primera-tournee-del-gen-verde-a-japon-por-invitacion-del-movimiento-budista-japones-rissho-kosei-kai","status":"publish","type":"post","link":"https:\/\/www.focolare.org\/es\/primera-tournee-del-gen-verde-a-japon-por-invitacion-del-movimiento-budista-japones-rissho-kosei-kai\/","title":{"rendered":"Primera Tourn\u00e9e del Gen Verde a Jap\u00f3n por invitaci\u00f3n del Movimiento budista japon\u00e9s Rissho Kosei Kai"},"content":{"rendered":"<p>\u00a0<em>\u201cQueremos ser instrumentos de paz como ustedes\u201d. \u201cHa crecido dentro de nosotros la semilla de la paz\u201d. \u201cEsta es verdaderamente la expresi\u00f3n m\u00e1s alta del arte: \ufffddonar fuerza y esperanza!\u201d.<\/em> Algunas de las impresiones recogidas del p\u00fablico que numeroso, 17.000, intervino en <strong>Tokio, Nagasaki, Hiroshima, Osaka, Fukuoka, Nagoya, Nagano,<\/strong> las ciudades visitadas en los <strong>68 d\u00edas de la tourn\u00e9e japonesa del Gen Verde, <\/strong>expresi\u00f3n art\u00edstica del Movimiento de los Focolares, en una larga tourn\u00e9e que empez\u00f3 el 24 de septiembre y concluy\u00f3 el 1\ufffd de diciembre pasado. La invitaci\u00f3n vino del Movimiento budista japon\u00e9s <strong>Rissho Kosei-Kai (RKK), <\/strong>sobre la base del profundo di\u00e1logo entretejido a partir de 1979 con Chiara Lubich y los Focolares en Jap\u00f3n. El Gen Verde llev\u00f3 al palco <em><strong>\u201cPrimeras P\u00e1ginas\u201d<\/strong><\/em> \u2013 preparado para la ocasi\u00f3n en japon\u00e9s -, <strong>un \u201cmusical\u201d que se remonta a las ra\u00edces de la historia del Movimiento de los Focolares,<\/strong> al descubrimiento del Evangelio, para realizar el testamento de Jes\u00fas, <em>\u201cPadre, que todos sean uno\u201d.<\/em>  <strong>Que la tourn\u00e9e produzca frutos de paz y de fraternidad<\/strong> El 1\ufffd de octubre, el Presidente <strong>Nichiko Niwano<\/strong> ofreci\u00f3 al Gen Verde un almuerzo de bienvenida oficial. <em>\u00abEl augurio que nos intercambiamos es que la tourn\u00e9e produzca frutos de paz y de fraternidad y que quien nos ve pueda exclamar, por el amor rec\u00edproco entre la RKK y el Gen Verde: \u201cmiren c\u00f3mo se aman\u201d\u00bb.<\/em> Un augurio que se realiz\u00f3: <strong>la tourn\u00e9e promovida por el Movimiento japon\u00e9s, ha dado un aporte al di\u00e1logo entre cristianos y budistas y a la unidad <\/strong>entre el Movimiento de los Focolares y la Rissho Kosei-Kai.  <strong>En el coraz\u00f3n del pueblo japon\u00e9s<\/strong> El tour es una ocasi\u00f3n para conocer de cerca los sufrimientos pasados y presentes de la naci\u00f3n, como dice Paola Stradi del Gen Verde: <em>\u201cEn 68 d\u00edas este pueblo nunca ha dejado de sorprendernos: fuerte y delicado al mismo tiempo, determinado e indomable, pero<strong> muy sensible a los valores del esp\u00edritu. <\/strong>Tratamos de hacer nuestros los sufrimientos del pasado: la tragedia de la bomba at\u00f3mica y sus consecuencias en Nagasaki e Hiroshima, donde invitamos al p\u00fablico a empezar con un momento de silencio por la paz. Entre los sufrimientos presentes,<strong> un tif\u00f3n especialmente violento y el terremoto de Niigata <\/strong>nos lleva a hacer de los espect\u00e1culos un gesto de solidaridad por esta gente tan probada\u201d.<\/em>  <strong>Numerosos los contactos<\/strong> Adem\u00e1s de las <strong>17.000<\/strong> persone encontradas en los 9 espect\u00e1culos, fueron <strong>2.120<\/strong> los participantes en los <em><strong>Koriukai,<\/strong><\/em> encuentros de intercambio fijados entre un espect\u00e1culo y otro, donde se profundiza el di\u00e1logo; y todav\u00eda un encuentro-espect\u00e1culo para <strong>215 universitarias <\/strong>por invitaci\u00f3n de las hermanas salesianas; encuentros con el arzobispo de Nagasaki y con el obispo de Hiroshima, con varios sacerdotes y religiosos. El arzobispo de Tokio, el <strong>Card. Shirayanagi,<\/strong> particip\u00f3 en el espect\u00e1culo del 14 de noviembre en la Fumon Hall. Estaba presente Nichiko Niwano, Presidente de la RKK, con su hija Kosho, futura presidente designada, quien, junto con el cardenal, introdujo al Gen Verde. Estaba presente tambi\u00e9n <strong>S.E. Ambrose De Paoli, Nuncio Apost\u00f3lico de Jap\u00f3n.<\/strong>  <strong>El encuentro con algunos bonzos y la visita a sus templos<\/strong> Es la ocasi\u00f3n de un contacto directo con la cultura japonesa y tambi\u00e9n con el shintoismo y con el budismo tradicional. Una acogida especial, en un clima de verdadera fraternidad, les reserva el <strong>bonzo Takeuchi,<\/strong> quien, en abril, particip\u00f3 en Italia en el primer simposio budista-cristiano promovido por los Focolares.  <strong>Las ceremonias en honor del Fundador del Movimiento japon\u00e9s<\/strong> El motivo oficial de la invitaci\u00f3n es la participaci\u00f3n en las ceremonias por la conmemoraci\u00f3n de <strong>Nikkyo Niwano,<\/strong> fundador de la RKK. El 2 de octubre, en la Fumon Hall de Tokio, <strong>se recuerda su muerte, que tuvo lugar el 4 de octubre de 1999, el \u201cd\u00eda de San Francisco\u201d,<\/strong> como lo hacen presente los amigos budistas. \ufffd\u201cLa oraci\u00f3n de San Francisco\u201d es precisamente una de las canciones presentadas por el Gen Verde en idioma japon\u00e9s! Est\u00e1n presentes 3.000 personas. <strong>Un mill\u00f3n siguen la ceremonia v\u00eda sat\u00e9lite,<\/strong> al igual que una segunda ceremonia que tiene lugar en el Aula Sacra el 15 de noviembre, con motivo del cumplea\u00f1os del fundador en la que participan <strong>7.000 personas.<\/strong> La primera parte es una oraci\u00f3n solemne que conducen Nichiko Niwano y su hija Kosho. El mensaje que Chiara Lubich env\u00eda para la ocasi\u00f3n provoca resonancia y adhesi\u00f3n, sobre todo la invitaci\u00f3n a <em><strong>\u201cun nuevo compromiso de vivir y trabajar juntos, con dedicaci\u00f3n y confianza, apoy\u00e1ndonos siempre unos a otros, para construir la unidad de la familia humana\u201d.<\/strong><\/em> Siempre en el Aula Sacra, el 20 de noviembre el Gen Verde presenta canciones y experiencias a <strong>1500 j\u00f3venes <\/strong>budistas venidos de todo Jap\u00f3n, responsables de grupos locales. Y con una entrevista televisiva, durante la conclusi\u00f3n de la tourn\u00e9e para la \u201cconexi\u00f3n\u201d mensual de la RKK, se llega a <strong>6 millones <\/strong>de personas.  <strong>\ufffd\u2018Sayonara\u2019, hasta la vista, Jap\u00f3n!<\/strong> Algunas, entre las much\u00edsimas impresiones recogidas despu\u00e9s de los espect\u00e1culos, se\u00f1alan el \u201cterm\u00f3metro\u201d de la tourn\u00e9e: <em>\u201c\ufffdHan despertado en m\u00ed el amor de Dios y me han hecho conciente de que es \u00e9ste amor el que me hace vivir!\u201d \u201cHa crecido dentro de nosotros la semilla de la paz. Tambi\u00e9n durante el terremoto he sentido la fuerza del amor\u201d. \u201cQuiero convertirme en uno que da\u201d. \u201cHe entendido que tambi\u00e9n en el sufrimiento yo existo para los dem\u00e1s\u201d.<\/em> Al momento de regresar &#8211; como declara Paola Stradi &#8211;<em> \u201ccoraz\u00f3n y alma se han enriquecido, dilatado, robustecido. En cada ciudad el Presidente Niwano nos ha hecho encontrar estupendos arreglos de flores como bienvenida. Pero existe un perfume todav\u00eda m\u00e1s intenso que todav\u00eda nos sigue: es el de los corazones que hemos conocido y que ahora, junto a los nuestros, viven con renovada decisi\u00f3n por un mundo m\u00e1s unido\u201d.<\/em><\/p>\n","protected":false},"excerpt":{"rendered":"<p>Una nueva p\u00e1gina de fraternidad<\/p>\n","protected":false},"author":34,"featured_media":0,"comment_status":"open","ping_status":"open","sticky":false,"template":"","format":"standard","meta":{"give_campaign_id":0,"_seopress_robots_primary_cat":"","_seopress_titles_title":"","_seopress_titles_desc":"","_seopress_robots_index":"","_et_pb_use_builder":"","_et_pb_old_content":"","_et_gb_content_width":"","footnotes":""},"categories":[46],"tags":[],"class_list":["post-293822","post","type-post","status-publish","format-standard","hentry","category-sin-categorizar"],"_links":{"self":[{"href":"https:\/\/www.focolare.org\/es\/wp-json\/wp\/v2\/posts\/293822","targetHints":{"allow":["GET"]}}],"collection":[{"href":"https:\/\/www.focolare.org\/es\/wp-json\/wp\/v2\/posts"}],"about":[{"href":"https:\/\/www.focolare.org\/es\/wp-json\/wp\/v2\/types\/post"}],"author":[{"embeddable":true,"href":"https:\/\/www.focolare.org\/es\/wp-json\/wp\/v2\/users\/34"}],"replies":[{"embeddable":true,"href":"https:\/\/www.focolare.org\/es\/wp-json\/wp\/v2\/comments?post=293822"}],"version-history":[{"count":0,"href":"https:\/\/www.focolare.org\/es\/wp-json\/wp\/v2\/posts\/293822\/revisions"}],"wp:attachment":[{"href":"https:\/\/www.focolare.org\/es\/wp-json\/wp\/v2\/media?parent=293822"}],"wp:term":[{"taxonomy":"category","embeddable":true,"href":"https:\/\/www.focolare.org\/es\/wp-json\/wp\/v2\/categories?post=293822"},{"taxonomy":"post_tag","embeddable":true,"href":"https:\/\/www.focolare.org\/es\/wp-json\/wp\/v2\/tags?post=293822"}],"curies":[{"name":"wp","href":"https:\/\/api.w.org\/{rel}","templated":true}]}}